{"id":2189,"date":"2022-07-11T11:34:41","date_gmt":"2022-07-11T09:34:41","guid":{"rendered":"https:\/\/zradnice.cz\/?p=2189"},"modified":"2022-07-11T11:34:42","modified_gmt":"2022-07-11T09:34:42","slug":"vyrustali-na-kosickych-travnicich-dnes-hraji-v-juventusu-slavii-a-maji-velke-sny","status":"publish","type":"post","link":"https:\/\/zradnice.cz\/?p=2189","title":{"rendered":"Vyr\u016fstali na ko\u0161ick\u00fdch tr\u00e1vn\u00edc\u00edch. Dnes hraj\u00ed v Juventusu, Slavii a maj\u00ed velk\u00e9 sny"},"content":{"rendered":"\n<p class=\"wp-block-paragraph\">Fotbal, to nen\u00ed jen o velk\u00fdch m\u011bn\u00e1ch. I kdy\u017e je pravdou, \u017ee takov\u00ed Messi, Ronaldo \u010di Donnarumma jsou velk\u00fdmi vzory t\u011bm za\u010d\u00ednaj\u00edc\u00edm mlad\u00fdm nad\u011bj\u00edm. Plat\u00ed to io vych\u00e1zej\u00edc\u00edch hv\u011bzdi\u010dk\u00e1ch Jakubu Vinar\u010dikovi a Patrikovi Urbanovi.<\/p>\n\n\n\n<p class=\"wp-block-paragraph\">Oba vyr\u016fstali na ko\u0161ick\u00fdch h\u0159i\u0161t\u00edch. Jakub za\u010d\u00ednal v Lokomotiv\u011b, Patrik v p\u0159edch\u016fdc\u00edch FC Ko\u0161ice. Dnes se u\u017e toulaj\u00ed sv\u011btem. Dvoumetrov\u00fd Jakub v tur\u00ednsk\u00e9m Juventusu a Patrik v pra\u017esk\u00e9 Slavii. A oba se v t\u011bchto dnech setkali na \u010dermelsk\u00e9m tr\u00e1vn\u00edku, kde pod veden\u00edm Gejzy Farka\u0161e nab\u00edraj\u00ed dal\u0161\u00ed fotbalov\u00e9 dovednosti.<\/p>\n\n\n\n<p class=\"wp-block-paragraph\">Tr\u00e9nuj\u00ed techniku<br>V \u010dem je m\u016f\u017ee zdokonalovat b\u00fdval\u00fd \u00fasp\u011b\u0161n\u00fd reprezentant modr\u00e9 arm\u00e1dy, kdy\u017e funguj\u00ed v perfektn\u011b organizovan\u00fdch akademi\u00edch zvu\u010dn\u00fdch jmen?<\/p>\n\n\n\n<p class=\"wp-block-paragraph\">\u201eJednozna\u010dn\u011b brous\u00edme zejm\u00e9na techniku,\u201c rozpov\u00eddal se brank\u00e1\u0159 star\u00e9 d\u00e1my z Juventusu a po zv\u011bdav\u00e9m pohledu na n\u011bj p\u0159idal: \u201eA\u010dkoli jsem jen brank\u00e1\u0159, kopac\u00ed techniku \u200b\u200ba v\u016fbec pr\u00e1ci s m\u00ed\u010dem nohou pot\u0159ebuji i j\u00e1. Dobr\u00fd a modern\u00ed brank\u00e1\u0159 se u\u017e bez toho nepohne.\u201c<\/p>\n\n\n\n<p class=\"wp-block-paragraph\">Jeho vrstevn\u00edk (oba jsou ro\u010dn\u00edk narozen\u00ed 2005) a ofenzivn\u00ed typ hr\u00e1\u010de Patrik Urban je\u0161t\u011b dodal:<\/p>\n\n\n\n<p class=\"wp-block-paragraph\">\u201eSamoz\u0159ejm\u011b, pot\u0159ebujeme i n\u011bco nab\u011bhat, nebo\u0165 \u017eonglovat s m\u00ed\u010dem se d\u00e1 i doma na dvo\u0159e \u010di na ulici. To bychom nemuseli chodit na stadion,\u201c odleh\u010dil t\u00e9ma potomek \u00fasp\u011b\u0161n\u00e9ho d\u011bdy, ale i otce Martina Urbana, sv\u00e9ho \u010dasu \u00fasp\u011b\u0161n\u00e9ho prvoligisty Lokomotivy i Tatrana Pre\u0161ov s legion\u00e1\u0159sk\u00fdmi zku\u0161enostmi z Kypru i Rakouska s dynamitem v noze.<\/p>\n\n\n\n<p class=\"wp-block-paragraph\">Jakub Vinar\u010dik v italsk\u00e9m Juventusu nespan\u0161tel. Na dopl\u0148uj\u00edc\u00ed tr\u00e9nink p\u0159i\u0161el na sv\u00e9m kole.<br>Jakub Vinar\u010dik v italsk\u00e9m Juventusu nespan\u0161tel. Na dopl\u0148uj\u00edc\u00ed tr\u00e9nink p\u0159i\u0161el na sv\u00e9m kole. (Autor: Rudolf Rondzik)<br>Jejich tutor Gejza Farka\u0161, kter\u00fd krom\u011b tr\u00e9nov\u00e1n\u00ed na Slovensku okusil tren\u00e9rsk\u00fd chleb\u00ed\u010dek na Kypru a v \u0158ecku na sv\u00e9 do\u010dasn\u00e9 sv\u011b\u0159ence ned\u00e1 dopustit: \u201eOni m\u011b hon\u00ed, aby si mohli p\u0159idat a zlep\u0161ovat se pod odborn\u00fdm veden\u00edm, tak se jim v\u011bnuji, a\u010dkoli bych mohl odpo\u010d\u00edvat nebo sekat zahradu. Ale kdy\u017e v\u00e1m p\u0159ed o\u010dima rostou je\u0161t\u011b neobrou\u0161en\u00e9 drahokamy, pro\u010d bych jim n\u011bco ze sebe nedal? U\u017e jen proto, \u017ee jsou do fotbalu stoprocentn\u011b za\u017er\u00e1ni.\u201c<\/p>\n\n\n\n<p class=\"wp-block-paragraph\">T\u011b\u0161\u00ed se na nov\u00e9 zkou\u0161ky<br>Jakub, od nov\u00e9 sez\u00f3ny u\u017e \u010dlen juventusk\u00e9 primavery se po roce mezi sedmn\u00e1ctilet\u00fdmi t\u011b\u0161\u00ed na nov\u00e9 n\u00e1ro\u010dn\u011bj\u0161\u00ed zkou\u0161ky.<\/p>\n\n\n\n<p class=\"wp-block-paragraph\">\u201eBude t\u011b\u017ek\u00e9 prosadit se, ale v\u011b\u0159\u00edm, \u017ee to d\u00e1m. V minul\u00e9 sez\u00f3n\u011b n\u00e1m boj o mistra It\u00e1lie uprchl, kdy\u017e n\u00e1s zdolala Bologna, pozd\u011bj\u0161\u00ed dr\u017eitel titulu, tak\u017ee m\u00e1me novou motivaci. Je to jako v\u0161ude, ka\u017ed\u00fd chce vyhr\u00e1vat, tak chci k tomu dopomoci i j\u00e1.<\/p>\n\n\n\n<p class=\"wp-block-paragraph\">Spoluhr\u00e1\u010di m\u011b p\u0159ijali, v Tur\u00edn\u011b a v It\u00e1lii v\u016fbec se c\u00edt\u00edm v\u00fdborn\u011b. U\u017e jen trochu \u0161t\u011bst\u00ed, aby se mi vyh\u00fdbala zran\u011bn\u00ed a m\u016f\u017eu sn\u00edt i ty nejkr\u00e1sn\u011bj\u0161\u00ed sny,\u201c neskr\u00fdval sv\u00e9 pocity nad\u011bjn\u00fd g\u00f3lman, kter\u00e9mu u\u017e nebr\u00e1n\u00ed ani jazykov\u00e1 bari\u00e9ra:<\/p>\n\n\n\n<p class=\"wp-block-paragraph\">\u201eU\u017e m\u011b neprodaj\u00ed. Chod\u00edm i do \u0161koly, n\u011bco na zp\u016fsob gymn\u00e1zia, tak\u017ee je to o to snaz\u0161\u00ed,\u201c ned\u011bl\u00e1 si starosti Jakub.<\/p>\n\n\n\n<p class=\"wp-block-paragraph\">Prvn\u00ed sez\u00f3na mu vy\u0161la<br>Pochlubit se m\u016f\u017ee i Patrik: \u201eVe Slavii mi prvn\u00ed sez\u00f3na vy\u0161la. V m\u00e9 kategorii U17 jsme se stali \u0161ampiony \u010ceska a stali jsme se dr\u017eiteli \u010ceskoslovensk\u00e9ho poh\u00e1ru, kdy\u017e jsme zdolali Tren\u010d\u00edn.\u201c<\/p>\n\n\n\n<p class=\"wp-block-paragraph\">Ani on nem\u011bl s etablov\u00e1n\u00edm se v hlavn\u00edm m\u011bst\u011b \u010ceska probl\u00e9my.<\/p>\n\n\n\n<p class=\"wp-block-paragraph\">\u201eV t\u00fdmu jsou kluci z r\u016fzn\u00fdch kout\u016f a v\u0161ichni jsme tady hlavn\u011b pro fotbal, ve kter\u00e9m chceme b\u00fdt \u00fasp\u011b\u0161n\u00ed. A \u017e\u00e1dn\u00fd solit\u00e9r se bez pomoci t\u00fdmu neprosad\u00ed. Mus\u00edme t\u00e1hnout za jeden konec a ka\u017ed\u00fd ze sebe p\u0159edat maximum. A kdy\u017e se n\u011bkdy nezda\u0159\u00ed, pomohou ostatn\u00ed.<\/p>\n\n\n\n<p class=\"wp-block-paragraph\">Obecn\u011b m\u00e1me v\u00fdborn\u00e9 podm\u00ednky, o v\u0161e je postar\u00e1no. V\u010detn\u011b \u0161koly. A tak je na\u0161\u00ed jedinou starost\u00ed starat se o sv\u016fj r\u016fst. Pochod A t\u00fdmu fotbalovou Evropou je pro ka\u017ed\u00e9ho z n\u00e1s fantastickou inspirac\u00ed, tak\u017ee po p\u0159est\u00e1vce se chci vr\u00e1tit v top form\u011b. Proto ani b\u011bhem volna nezah\u00e1l\u00edm a v\u011b\u0159\u00edm, \u017ee jednou\u2026,\u201d necht\u011bl nic zak\u0159iknout Patrik.<\/p>\n","protected":false},"excerpt":{"rendered":"<p>Fotbal, to nen\u00ed jen o velk\u00fdch m\u011bn\u00e1ch. I kdy\u017e je pravdou, \u017ee takov\u00ed Messi, Ronaldo \u010di Donnarumma jsou velk\u00fdmi vzory t\u011bm za\u010d\u00ednaj\u00edc\u00edm mlad\u00fdm nad\u011bj\u00edm. Plat\u00ed to io vych\u00e1zej\u00edc\u00edch hv\u011bzdi\u010dk\u00e1ch Jakubu Vinar\u010dikovi a Patrikovi Urbanovi. Oba vyr\u016fstali na ko\u0161ick\u00fdch h\u0159i\u0161t\u00edch. Jakub za\u010d\u00ednal v Lokomotiv\u011b, Patrik v p\u0159edch\u016fdc\u00edch FC Ko\u0161ice. Dnes se u\u017e toulaj\u00ed sv\u011btem. Dvoumetrov\u00fd Jakub [&hellip;]<\/p>\n","protected":false},"author":2,"featured_media":2186,"comment_status":"closed","ping_status":"closed","sticky":false,"template":"","format":"standard","meta":{"tdm_status":"","tdm_grid_status":"","footnotes":""},"categories":[14],"tags":[],"class_list":["post-2189","post","type-post","status-publish","format-standard","has-post-thumbnail","category-bydleni"],"_links":{"self":[{"href":"https:\/\/zradnice.cz\/index.php?rest_route=\/wp\/v2\/posts\/2189","targetHints":{"allow":["GET"]}}],"collection":[{"href":"https:\/\/zradnice.cz\/index.php?rest_route=\/wp\/v2\/posts"}],"about":[{"href":"https:\/\/zradnice.cz\/index.php?rest_route=\/wp\/v2\/types\/post"}],"author":[{"embeddable":true,"href":"https:\/\/zradnice.cz\/index.php?rest_route=\/wp\/v2\/users\/2"}],"replies":[{"embeddable":true,"href":"https:\/\/zradnice.cz\/index.php?rest_route=%2Fwp%2Fv2%2Fcomments&post=2189"}],"version-history":[{"count":0,"href":"https:\/\/zradnice.cz\/index.php?rest_route=\/wp\/v2\/posts\/2189\/revisions"}],"wp:featuredmedia":[{"embeddable":true,"href":"https:\/\/zradnice.cz\/index.php?rest_route=\/wp\/v2\/media\/2186"}],"wp:attachment":[{"href":"https:\/\/zradnice.cz\/index.php?rest_route=%2Fwp%2Fv2%2Fmedia&parent=2189"}],"wp:term":[{"taxonomy":"category","embeddable":true,"href":"https:\/\/zradnice.cz\/index.php?rest_route=%2Fwp%2Fv2%2Fcategories&post=2189"},{"taxonomy":"post_tag","embeddable":true,"href":"https:\/\/zradnice.cz\/index.php?rest_route=%2Fwp%2Fv2%2Ftags&post=2189"}],"curies":[{"name":"wp","href":"https:\/\/api.w.org\/{rel}","templated":true}]}}