{"id":2192,"date":"2022-07-11T11:36:31","date_gmt":"2022-07-11T09:36:31","guid":{"rendered":"https:\/\/zradnice.cz\/?p=2192"},"modified":"2024-04-01T20:29:35","modified_gmt":"2024-04-01T18:29:35","slug":"osobnost-do-brany-kadr-novacka-posili-znamy-oblicej","status":"publish","type":"post","link":"https:\/\/zradnice.cz\/?p=2192","title":{"rendered":"Osobnost do br\u00e1ny. K\u00e1dr nov\u00e1\u010dka pos\u00edl\u00ed zn\u00e1m\u00fd obli\u010dej"},"content":{"rendered":"\n<p class=\"wp-block-paragraph\">Nov\u00e1\u010dek Fortuna ligy MFK Skalica pokra\u010duje v posilov\u00e1n\u00ed k\u00e1dru pro novou sez\u00f3nu. Do br\u00e1ny p\u0159ich\u00e1z\u00ed zku\u0161en\u00fd Igor \u0160emrinec.<\/p>\n\n\n\n<p class=\"wp-block-paragraph\">&#8222;Na Z\u00e1ho\u0159\u00ed v\u00edt\u00e1me brank\u00e1\u0159e s t\u00e9m\u011b\u0159 dv\u011b st\u011b odchytan\u00fdmi sout\u011b\u017en\u00edmi z\u00e1pasy ve Fortuna lize, t\u0159in\u00e1cti utk\u00e1n\u00edmi v p\u0159edkolech Ligy mistr\u016f a Evropsk\u00e9 ligy a v\u00edt\u011bze slovensk\u00e9ho double, kter\u00fd z\u00edskal v sez\u00f3n\u00e1ch 2014\/15 a 2015\/16 za AS Tren\u010d\u00edn,&#8220; uv\u00e1d\u00ed klubov\u00e1 web MF .<\/p>\n\n\n\n<p class=\"wp-block-paragraph\">\u0160emrinec za\u010d\u00ednal s fotbalem v Prievidzi, ze kter\u00e9 se n\u00e1sledn\u011b v l\u00e9t\u011b 2011 p\u0159esouval pod \u010c\u00e1k\u016fv hrad. V AS Tren\u010d\u00edn se postupem \u010dasu vypracoval na oporu t\u00fdmu a l\u00eddra \u0161atny, ve kter\u00e9 ur\u010ditou etapu kari\u00e9ry nosil na ruce i kapit\u00e1nskou p\u00e1sku.<\/p>\n\n\n\n<p class=\"wp-block-paragraph\">Po sedmi letech a lo\u0148sk\u00e9m neprodlou\u017eenou smlouvy s Tren\u010d\u00ednem sm\u011b\u0159ovaly jeho kroky k b\u00fdval\u00e9mu soupe\u0159i z druh\u00e9 ligy, FC Ko\u0161ice.<\/p>\n\n\n\n<hr class=\"wp-block-separator has-alpha-channel-opacity is-style-wide\"\/>\n\n\n\n<p class=\"wp-block-paragraph\">Tip redakce: Bav\u00ed V\u00e1s zaj\u00edmav\u00e9 \u010dten\u00ed? Aktuality, zaj\u00edmavosti a mnoho dal\u0161\u00edho naleznete na webu primainspirace v kategorii <a href=\"https:\/\/primainspirace.cz\/category\/nezaradene\/\">neza\u0159azen\u00e9<\/a>.<\/p>\n\n\n\n<hr class=\"wp-block-separator has-alpha-channel-opacity is-style-wide\"\/>\n","protected":false},"excerpt":{"rendered":"<p>Nov\u00e1\u010dek Fortuna ligy MFK Skalica pokra\u010duje v posilov\u00e1n\u00ed k\u00e1dru pro novou sez\u00f3nu. Do br\u00e1ny p\u0159ich\u00e1z\u00ed zku\u0161en\u00fd Igor \u0160emrinec. &#8222;Na Z\u00e1ho\u0159\u00ed v\u00edt\u00e1me brank\u00e1\u0159e s t\u00e9m\u011b\u0159 dv\u011b st\u011b odchytan\u00fdmi sout\u011b\u017en\u00edmi z\u00e1pasy ve Fortuna lize, t\u0159in\u00e1cti utk\u00e1n\u00edmi v p\u0159edkolech Ligy mistr\u016f a Evropsk\u00e9 ligy a v\u00edt\u011bze slovensk\u00e9ho double, kter\u00fd z\u00edskal v sez\u00f3n\u00e1ch 2014\/15 a 2015\/16 za AS Tren\u010d\u00edn,&#8220; [&hellip;]<\/p>\n","protected":false},"author":2,"featured_media":2187,"comment_status":"closed","ping_status":"closed","sticky":false,"template":"","format":"standard","meta":{"tdm_status":"","tdm_grid_status":"","footnotes":""},"categories":[14],"tags":[],"class_list":["post-2192","post","type-post","status-publish","format-standard","has-post-thumbnail","category-bydleni"],"_links":{"self":[{"href":"https:\/\/zradnice.cz\/index.php?rest_route=\/wp\/v2\/posts\/2192","targetHints":{"allow":["GET"]}}],"collection":[{"href":"https:\/\/zradnice.cz\/index.php?rest_route=\/wp\/v2\/posts"}],"about":[{"href":"https:\/\/zradnice.cz\/index.php?rest_route=\/wp\/v2\/types\/post"}],"author":[{"embeddable":true,"href":"https:\/\/zradnice.cz\/index.php?rest_route=\/wp\/v2\/users\/2"}],"replies":[{"embeddable":true,"href":"https:\/\/zradnice.cz\/index.php?rest_route=%2Fwp%2Fv2%2Fcomments&post=2192"}],"version-history":[{"count":1,"href":"https:\/\/zradnice.cz\/index.php?rest_route=\/wp\/v2\/posts\/2192\/revisions"}],"predecessor-version":[{"id":2657,"href":"https:\/\/zradnice.cz\/index.php?rest_route=\/wp\/v2\/posts\/2192\/revisions\/2657"}],"wp:featuredmedia":[{"embeddable":true,"href":"https:\/\/zradnice.cz\/index.php?rest_route=\/wp\/v2\/media\/2187"}],"wp:attachment":[{"href":"https:\/\/zradnice.cz\/index.php?rest_route=%2Fwp%2Fv2%2Fmedia&parent=2192"}],"wp:term":[{"taxonomy":"category","embeddable":true,"href":"https:\/\/zradnice.cz\/index.php?rest_route=%2Fwp%2Fv2%2Fcategories&post=2192"},{"taxonomy":"post_tag","embeddable":true,"href":"https:\/\/zradnice.cz\/index.php?rest_route=%2Fwp%2Fv2%2Ftags&post=2192"}],"curies":[{"name":"wp","href":"https:\/\/api.w.org\/{rel}","templated":true}]}}