{"id":2195,"date":"2022-07-11T11:38:02","date_gmt":"2022-07-11T09:38:02","guid":{"rendered":"https:\/\/zradnice.cz\/?p=2195"},"modified":"2022-07-11T11:38:03","modified_gmt":"2022-07-11T09:38:03","slug":"kam-zamiri-kubalik-a-strome-jejich-konec-v-chicagu-je-pry-jistou-zalezitosti","status":"publish","type":"post","link":"https:\/\/zradnice.cz\/?p=2195","title":{"rendered":"Kam zam\u00ed\u0159\u00ed Kubal\u00edk a Strome? Jejich konec v Chicagu je pr\u00fd jistou z\u00e1le\u017eitost\u00ed"},"content":{"rendered":"\n<p class=\"wp-block-paragraph\">Strome byl v uplynul\u00e9 sez\u00f3n\u011b \u010dtvrt\u00fdm nejproduktivn\u011bj\u0161\u00edm hr\u00e1\u010dem Blackhawks.<\/p>\n\n\n\n<p class=\"wp-block-paragraph\">Chicago Blackhawks nenab\u00eddne nov\u00e9 smlouvy sv\u00fdm dv\u011bma \u00fato\u010dn\u00edk\u016fm.<\/p>\n\n\n\n<p class=\"wp-block-paragraph\">Podle novin\u00e1\u0159e Marka Lazeruse z periodika The Athletic vstoup\u00ed na trh s neomezen\u00fdmi voln\u00fdmi hr\u00e1\u010di \u010cech Dominik Kubal\u00edk a Kana\u010fan Dylan Strome.<\/p>\n\n\n\n<p class=\"wp-block-paragraph\">Kubal\u00edk odehr\u00e1l v minul\u00e9 sez\u00f3n\u011b za Blackhawks 78 z\u00e1pas\u016f z\u00e1kladn\u00ed \u010d\u00e1sti, ve kter\u00fdch zaznamenal 32 bod\u016f (15 branek a 17 asistenc\u00ed). Strome zaznamenal 48 bod\u016f (22+26).<\/p>\n","protected":false},"excerpt":{"rendered":"<p>Strome byl v uplynul\u00e9 sez\u00f3n\u011b \u010dtvrt\u00fdm nejproduktivn\u011bj\u0161\u00edm hr\u00e1\u010dem Blackhawks. Chicago Blackhawks nenab\u00eddne nov\u00e9 smlouvy sv\u00fdm dv\u011bma \u00fato\u010dn\u00edk\u016fm. Podle novin\u00e1\u0159e Marka Lazeruse z periodika The Athletic vstoup\u00ed na trh s neomezen\u00fdmi voln\u00fdmi hr\u00e1\u010di \u010cech Dominik Kubal\u00edk a Kana\u010fan Dylan Strome. Kubal\u00edk odehr\u00e1l v minul\u00e9 sez\u00f3n\u011b za Blackhawks 78 z\u00e1pas\u016f z\u00e1kladn\u00ed \u010d\u00e1sti, ve kter\u00fdch zaznamenal 32 bod\u016f [&hellip;]<\/p>\n","protected":false},"author":2,"featured_media":2190,"comment_status":"closed","ping_status":"closed","sticky":false,"template":"","format":"standard","meta":{"tdm_status":"","tdm_grid_status":"","footnotes":""},"categories":[14],"tags":[],"class_list":["post-2195","post","type-post","status-publish","format-standard","has-post-thumbnail","category-bydleni"],"_links":{"self":[{"href":"https:\/\/zradnice.cz\/index.php?rest_route=\/wp\/v2\/posts\/2195","targetHints":{"allow":["GET"]}}],"collection":[{"href":"https:\/\/zradnice.cz\/index.php?rest_route=\/wp\/v2\/posts"}],"about":[{"href":"https:\/\/zradnice.cz\/index.php?rest_route=\/wp\/v2\/types\/post"}],"author":[{"embeddable":true,"href":"https:\/\/zradnice.cz\/index.php?rest_route=\/wp\/v2\/users\/2"}],"replies":[{"embeddable":true,"href":"https:\/\/zradnice.cz\/index.php?rest_route=%2Fwp%2Fv2%2Fcomments&post=2195"}],"version-history":[{"count":0,"href":"https:\/\/zradnice.cz\/index.php?rest_route=\/wp\/v2\/posts\/2195\/revisions"}],"wp:featuredmedia":[{"embeddable":true,"href":"https:\/\/zradnice.cz\/index.php?rest_route=\/wp\/v2\/media\/2190"}],"wp:attachment":[{"href":"https:\/\/zradnice.cz\/index.php?rest_route=%2Fwp%2Fv2%2Fmedia&parent=2195"}],"wp:term":[{"taxonomy":"category","embeddable":true,"href":"https:\/\/zradnice.cz\/index.php?rest_route=%2Fwp%2Fv2%2Fcategories&post=2195"},{"taxonomy":"post_tag","embeddable":true,"href":"https:\/\/zradnice.cz\/index.php?rest_route=%2Fwp%2Fv2%2Ftags&post=2195"}],"curies":[{"name":"wp","href":"https:\/\/api.w.org\/{rel}","templated":true}]}}