{"id":2197,"date":"2022-07-11T11:40:04","date_gmt":"2022-07-11T09:40:04","guid":{"rendered":"https:\/\/zradnice.cz\/?p=2197"},"modified":"2022-07-11T11:40:05","modified_gmt":"2022-07-11T09:40:05","slug":"prochazka-si-vybral-dalsiho-soupere-ukazu-vam-proc-jsem-sampion","status":"publish","type":"post","link":"https:\/\/zradnice.cz\/?p=2197","title":{"rendered":"Proch\u00e1zka si vybral dal\u0161\u00edho soupe\u0159e: Uk\u00e1\u017eu v\u00e1m, pro\u010d jsem \u0161ampion"},"content":{"rendered":"\n<p class=\"wp-block-paragraph\">Proch\u00e1zka prozradil sv\u00e9 pl\u00e1ny.<\/p>\n\n\n\n<p class=\"wp-block-paragraph\">\u0160ampion polot\u011b\u017ek\u00e9 v\u00e1hy UFC Ji\u0159\u00ed Proch\u00e1zka se rozhodl, s k\u00fdm chce nejbl\u00ed\u017ee bojovat.<\/p>\n\n\n\n<p class=\"wp-block-paragraph\">Proch\u00e1zka z\u00edskal presti\u017en\u00ed titul organizace UFC p\u0159esn\u011b p\u0159ed m\u011bs\u00edcem v \u010dervnu, kdy si v Singapuru poradil s tehdej\u0161\u00edm \u0161ampionem Gloverem Teixierem.<\/p>\n\n\n\n<p class=\"wp-block-paragraph\">Teixieru ukon\u010dil v posledn\u00edm p\u00e1t\u00e9m kole, a to pouh\u00fdch 28 vte\u0159in p\u0159ed uplynut\u00edm \u010dasov\u00e9ho limitu.<\/p>\n\n\n\n<p class=\"wp-block-paragraph\">Po n\u011bkolika t\u00fddnech od tohoto \u00fasp\u011bchu, po kter\u00e9m ho na n\u00e1m\u011bst\u00ed v Brn\u011b v\u00edtali tis\u00edce fanou\u0161k\u016f, ozn\u00e1mil sv\u00e9 dal\u0161\u00ed pl\u00e1ny.<\/p>\n\n\n\n<p class=\"wp-block-paragraph\">Velk\u00e1 odveta?<br>Proch\u00e1zka se promluvil div\u00e1k\u016fm na soci\u00e1ln\u00edch s\u00edt\u00edch. V kr\u00e1tk\u00e9m video odkazu prozradil, k jak\u00e9mu rozhodnut\u00ed dosp\u011bl.<\/p>\n\n\n\n<p class=\"wp-block-paragraph\">V prvn\u00ed titulov\u00e9 obhajob\u011b by si r\u00e1d op\u011bt zm\u011b\u0159il s\u00edly s Gloverem Teixierem. &#8222;Pozdravuji v\u0161echny a p\u0159eji kr\u00e1sn\u00fd den. U\u010dinil jsem rozhodnut\u00ed ohledn\u011b dal\u0161\u00edho z\u00e1pasu a v dal\u0161\u00edm duelu chci znovu z\u00e1pasit s Gloverem,&#8220; uvedl Proch\u00e1zka.<\/p>\n\n\n\n<p class=\"wp-block-paragraph\">\u010cervnov\u00fd souboj s Teixierem i odborn\u00edci okam\u017eit\u011b za\u0159adili mezi nejlep\u0161\u00ed titulov\u00e9 z\u00e1pasy v\u0161ech dob.<\/p>\n\n\n\n<p class=\"wp-block-paragraph\">Duel pln\u00fd zvrat\u016f a nep\u0159edv\u00eddateln\u00fdch okam\u017eik\u016f si z\u00edskal jen chv\u00e1lu. Pravd\u011bpodobn\u011b jde o dosud nejlep\u0161\u00ed z\u00e1pas v roce 2022. I kv\u016fli tomu se cel\u00e9 t\u00fddny vzpom\u00edn\u00e1 odveta jako potenci\u00e1ln\u00ed mo\u017enost.<\/p>\n\n\n\n<p class=\"wp-block-paragraph\">Proch\u00e1zka v\u0161ak vysv\u011btlil, co stoj\u00ed za t\u00edmto jeho rozhodnut\u00edm. \u201eNejde o to, \u017ee by to m\u011bl b\u00fdt dal\u0161\u00ed velk\u00fd z\u00e1pas, ale m\u00e1 to jen jeden jedin\u00fd d\u016fvod. M\u016fj v\u00fdkon z na\u0161eho prvn\u00edho z\u00e1pasu byl opravdu \u0161patn\u00fd. Uk\u00e1\u017eu v\u00e1m, pro\u010d jsem \u0161ampion, jasn\u011b, rozhodn\u011b.<\/p>\n\n\n\n<p class=\"wp-block-paragraph\">A taky si mysl\u00edm, \u017ee si to Glover zaslou\u017e\u00ed. Takov\u00e1 je nab\u00eddka. Uk\u00e1\u017eu, pro\u010d jsem \u0161ampion,&#8220; dodal.<\/p>\n\n\n\n<p class=\"wp-block-paragraph\">Bude to skv\u011bl\u00e9, v\u011b\u0159\u00ed Teixiera<br>Teixeira mezit\u00edm n\u011bkolikr\u00e1t zopakoval touhu setkat se s Proch\u00e1zkem v odvetn\u00e9m souboji.<\/p>\n\n\n\n<p class=\"wp-block-paragraph\">\u201e\u0158eknu to takhle, ka\u017ed\u00fd to chce vid\u011bt. Odvetu nemus\u00edme ani promovat a v\u00edme, \u017ee to bude skv\u011bl\u00e9. Nyn\u00ed je to na veden\u00ed UFC.<\/p>\n\n\n\n<p class=\"wp-block-paragraph\">Pokud by to ale nevy\u0161lo, nejsem ten typ, kter\u00fd bude nyn\u00ed v\u0161ude vyk\u0159ikovat o svoji p\u0159\u00edle\u017eitost. Za\u0159\u00edd\u00edm se podle toho, co p\u0159ijde,\u201c \u0159ekl prvn\u00ed mu\u017e \u017eeb\u0159\u00ed\u010dku polot\u011b\u017ek\u00e9 divize v po\u0159adu MMA Hour.<\/p>\n\n\n\n<p class=\"wp-block-paragraph\">Oba z\u00e1pasn\u00edci tak projevili z\u00e1jem o odvetu. O dal\u0161\u00edm sm\u011b\u0159ov\u00e1n\u00ed v\u0161ak bude rozhodovat veden\u00ed UFC.<\/p>\n","protected":false},"excerpt":{"rendered":"<p>Proch\u00e1zka prozradil sv\u00e9 pl\u00e1ny. \u0160ampion polot\u011b\u017ek\u00e9 v\u00e1hy UFC Ji\u0159\u00ed Proch\u00e1zka se rozhodl, s k\u00fdm chce nejbl\u00ed\u017ee bojovat. Proch\u00e1zka z\u00edskal presti\u017en\u00ed titul organizace UFC p\u0159esn\u011b p\u0159ed m\u011bs\u00edcem v \u010dervnu, kdy si v Singapuru poradil s tehdej\u0161\u00edm \u0161ampionem Gloverem Teixierem. Teixieru ukon\u010dil v posledn\u00edm p\u00e1t\u00e9m kole, a to pouh\u00fdch 28 vte\u0159in p\u0159ed uplynut\u00edm \u010dasov\u00e9ho limitu. Po n\u011bkolika [&hellip;]<\/p>\n","protected":false},"author":2,"featured_media":2193,"comment_status":"closed","ping_status":"closed","sticky":false,"template":"","format":"standard","meta":{"tdm_status":"","tdm_grid_status":"","footnotes":""},"categories":[14],"tags":[],"class_list":["post-2197","post","type-post","status-publish","format-standard","has-post-thumbnail","category-bydleni"],"_links":{"self":[{"href":"https:\/\/zradnice.cz\/index.php?rest_route=\/wp\/v2\/posts\/2197","targetHints":{"allow":["GET"]}}],"collection":[{"href":"https:\/\/zradnice.cz\/index.php?rest_route=\/wp\/v2\/posts"}],"about":[{"href":"https:\/\/zradnice.cz\/index.php?rest_route=\/wp\/v2\/types\/post"}],"author":[{"embeddable":true,"href":"https:\/\/zradnice.cz\/index.php?rest_route=\/wp\/v2\/users\/2"}],"replies":[{"embeddable":true,"href":"https:\/\/zradnice.cz\/index.php?rest_route=%2Fwp%2Fv2%2Fcomments&post=2197"}],"version-history":[{"count":0,"href":"https:\/\/zradnice.cz\/index.php?rest_route=\/wp\/v2\/posts\/2197\/revisions"}],"wp:featuredmedia":[{"embeddable":true,"href":"https:\/\/zradnice.cz\/index.php?rest_route=\/wp\/v2\/media\/2193"}],"wp:attachment":[{"href":"https:\/\/zradnice.cz\/index.php?rest_route=%2Fwp%2Fv2%2Fmedia&parent=2197"}],"wp:term":[{"taxonomy":"category","embeddable":true,"href":"https:\/\/zradnice.cz\/index.php?rest_route=%2Fwp%2Fv2%2Fcategories&post=2197"},{"taxonomy":"post_tag","embeddable":true,"href":"https:\/\/zradnice.cz\/index.php?rest_route=%2Fwp%2Fv2%2Ftags&post=2197"}],"curies":[{"name":"wp","href":"https:\/\/api.w.org\/{rel}","templated":true}]}}