{"id":2199,"date":"2022-07-11T11:45:31","date_gmt":"2022-07-11T09:45:31","guid":{"rendered":"https:\/\/zradnice.cz\/?p=2199"},"modified":"2022-07-11T11:55:37","modified_gmt":"2022-07-11T09:55:37","slug":"uefa-a-fifa-jdou-pred-soud-zaluje-je-spolecnost-ktera-stoji-za-projektem-superligy","status":"publish","type":"post","link":"https:\/\/zradnice.cz\/?p=2199","title":{"rendered":"UEFA a FIFA jdou p\u0159ed soud. \u017daluje je spole\u010dnost, kter\u00e1 stoj\u00ed za projektem Superligy"},"content":{"rendered":"\n<p class=\"wp-block-paragraph\">Podle prezidenta UEFA \u010ceferina je projekt Superligy mrtv\u00fd.<\/p>\n\n\n\n<p class=\"wp-block-paragraph\">LUCEMBURG. V pond\u011bl\u00ed bylo v Lucemburku zah\u00e1jeno soudn\u00ed jedn\u00e1n\u00ed o kontroverzn\u00edm n\u00e1vrhu vytvo\u0159en\u00ed Evropsk\u00e9 Superligy.<\/p>\n\n\n\n<p class=\"wp-block-paragraph\">T\u0159i velkokluby Real Madrid, FC Barcelona a Juventus Tur\u00edn se nad\u00e1le nevzdaly projektu vlastn\u00ed fotbalov\u00e9 sout\u011b\u017ee, kterou by nezast\u0159e\u0161ovala Evropsk\u00e1 fotbalov\u00e1 unie (UEFA).<\/p>\n\n\n\n<p class=\"wp-block-paragraph\">St\u0159e\u0161n\u00ed org\u00e1n evropsk\u00e9ho i sv\u011btov\u00e9ho fotbalu (FIFA) za\u017ealovali.<\/p>\n\n\n\n<p class=\"wp-block-paragraph\">Spole\u010dnost zast\u0159e\u0161uj\u00edc\u00ed projekt tvrd\u00ed, \u017ee ob\u011b organizace poru\u0161uj\u00ed pr\u00e1vo konkuren\u010dn\u00ed sout\u011b\u017ee, proto\u017ee maj\u00ed monopol na po\u0159\u00e1d\u00e1n\u00ed profesion\u00e1ln\u00edho mezin\u00e1rodn\u00edho fotbalu.<\/p>\n\n\n\n<p class=\"wp-block-paragraph\">Superliga chce dok\u00e1zat, \u017ee FIFA a UEFA se postavily proti projektu t\u00edm, \u017ee &#8222;zneu\u017eily sv\u00e9 dominantn\u00ed postaven\u00ed na trhu po\u0159\u00e1d\u00e1n\u00ed mezin\u00e1rodn\u00edch klubov\u00fdch fotbalov\u00fdch sout\u011b\u017e\u00ed v Evrop\u011b a na trhu s marketingov\u00fdmi pr\u00e1vy spojen\u00fdch s nimi&#8220;.<\/p>\n\n\n\n<p class=\"wp-block-paragraph\">\u017dalobci rovn\u011b\u017e po\u017e\u00e1dali o pr\u00e1vn\u00ed ochranu, kter\u00e1 umo\u017en\u00ed zakl\u00e1daj\u00edc\u00edm \u010dlen\u016fm hr\u00e1t v Superlize i v n\u00e1rodn\u00edch sout\u011b\u017e\u00edch a poh\u00e1rech.<\/p>\n\n\n\n<p class=\"wp-block-paragraph\">Spole\u010dnost podala \u017ealobu k madridsk\u00e9mu soudu, ale ten ji posunul Evropsk\u00e9mu soudn\u00edmu dvoru (ESD) v Lucemburku.<\/p>\n\n\n\n<p class=\"wp-block-paragraph\">&#8222;A\u0165 bude v\u00fdsledek v\u00fdslechu jak\u00fdkoli, nic se nezm\u011bn\u00ed. Projekt je mrtv\u00fd. Nikdo nechce b\u00fdt jeho sou\u010d\u00e1st\u00ed,&#8220; \u0159ekl ned\u00e1vno prezident UEFA Aleksander \u010ceferin.<\/p>\n\n\n\n<p class=\"wp-block-paragraph\">Dvan\u00e1ct evropsk\u00fdch velkoklub\u016f ozn\u00e1milo v dubnu 2021 vytvo\u0159en\u00ed Superligy, ale jejich pl\u00e1n ztroskotal po n\u011bkolika dnech velk\u00e9ho odporu ze strany fanou\u0161k\u016f, lig i n\u00e1rodn\u00edch federac\u00ed.<\/p>\n\n\n\n<p class=\"wp-block-paragraph\">Dev\u011bt klub\u016f &#8211; Manchester City, Manchester United, Liverpool, Chelsea, Tottenham, Arsenal, AC a Inter Mil\u00e1n a Atletico Madrid &#8211; se z projektu odhl\u00e1silo ihned, ale Real Madrid, Barcelona a Juventus Tur\u00edn se my\u0161lenky na vznik vlastn\u00ed sout\u011b\u017ee st\u00e1le nevzdaly.<\/p>\n\n\n\n<p class=\"wp-block-paragraph\">Prezident Realu Florentino Perez loni prohl\u00e1sili, \u017ee monopol UEFA poru\u0161uje pr\u00e1vo Evropsk\u00e9 unie.<\/p>\n\n\n\n<p class=\"wp-block-paragraph\">ESD uvedl, \u017ee v\u0161em dvan\u00e1ct klub\u016f jsou akcion\u00e1\u0159i spole\u010dnosti Superligy, kter\u00e1 podnik\u00e1 pr\u00e1vn\u00ed kroky. Verdikt by m\u011bl padnout do n\u011bkolika m\u011bs\u00edc\u016f. Informovala agentura dpa.<\/p>\n","protected":false},"excerpt":{"rendered":"<p>Podle prezidenta UEFA \u010ceferina je projekt Superligy mrtv\u00fd. LUCEMBURG. V pond\u011bl\u00ed bylo v Lucemburku zah\u00e1jeno soudn\u00ed jedn\u00e1n\u00ed o kontroverzn\u00edm n\u00e1vrhu vytvo\u0159en\u00ed Evropsk\u00e9 Superligy. T\u0159i velkokluby Real Madrid, FC Barcelona a Juventus Tur\u00edn se nad\u00e1le nevzdaly projektu vlastn\u00ed fotbalov\u00e9 sout\u011b\u017ee, kterou by nezast\u0159e\u0161ovala Evropsk\u00e1 fotbalov\u00e1 unie (UEFA). St\u0159e\u0161n\u00ed org\u00e1n evropsk\u00e9ho i sv\u011btov\u00e9ho fotbalu (FIFA) za\u017ealovali. Spole\u010dnost [&hellip;]<\/p>\n","protected":false},"author":2,"featured_media":2205,"comment_status":"closed","ping_status":"closed","sticky":false,"template":"","format":"standard","meta":{"tdm_status":"","tdm_grid_status":"","footnotes":""},"categories":[10],"tags":[],"class_list":["post-2199","post","type-post","status-publish","format-standard","has-post-thumbnail","category-finance"],"_links":{"self":[{"href":"https:\/\/zradnice.cz\/index.php?rest_route=\/wp\/v2\/posts\/2199","targetHints":{"allow":["GET"]}}],"collection":[{"href":"https:\/\/zradnice.cz\/index.php?rest_route=\/wp\/v2\/posts"}],"about":[{"href":"https:\/\/zradnice.cz\/index.php?rest_route=\/wp\/v2\/types\/post"}],"author":[{"embeddable":true,"href":"https:\/\/zradnice.cz\/index.php?rest_route=\/wp\/v2\/users\/2"}],"replies":[{"embeddable":true,"href":"https:\/\/zradnice.cz\/index.php?rest_route=%2Fwp%2Fv2%2Fcomments&post=2199"}],"version-history":[{"count":0,"href":"https:\/\/zradnice.cz\/index.php?rest_route=\/wp\/v2\/posts\/2199\/revisions"}],"wp:featuredmedia":[{"embeddable":true,"href":"https:\/\/zradnice.cz\/index.php?rest_route=\/wp\/v2\/media\/2205"}],"wp:attachment":[{"href":"https:\/\/zradnice.cz\/index.php?rest_route=%2Fwp%2Fv2%2Fmedia&parent=2199"}],"wp:term":[{"taxonomy":"category","embeddable":true,"href":"https:\/\/zradnice.cz\/index.php?rest_route=%2Fwp%2Fv2%2Fcategories&post=2199"},{"taxonomy":"post_tag","embeddable":true,"href":"https:\/\/zradnice.cz\/index.php?rest_route=%2Fwp%2Fv2%2Ftags&post=2199"}],"curies":[{"name":"wp","href":"https:\/\/api.w.org\/{rel}","templated":true}]}}