{"id":2203,"date":"2022-07-11T11:50:26","date_gmt":"2022-07-11T09:50:26","guid":{"rendered":"https:\/\/zradnice.cz\/?p=2203"},"modified":"2022-07-11T11:50:26","modified_gmt":"2022-07-11T09:50:26","slug":"ma-smlouvu-co-se-neodmita-spanel-ho-zaskocil-vy-jste-ten-martin","status":"publish","type":"post","link":"https:\/\/zradnice.cz\/?p=2203","title":{"rendered":"M\u00e1 smlouvu, co se neodm\u00edt\u00e1, \u0160pan\u011bl ho zasko\u010dil: Vy jste ten Martin?"},"content":{"rendered":"\n<p class=\"wp-block-paragraph\">Nov\u00e1 cesta m\u011b posune mnohem v\u00fd\u0161e a rychleji, ne\u017e kdybych z\u016fstal v Manchesteru.<\/p>\n\n\n\n<p class=\"wp-block-paragraph\">\u0158\u00edk\u00e1 vysp\u011ble, sebev\u011bdom\u011b. U\u017e ve v\u011bku teenagera p\u016fsob\u00ed jako v\u016fdce. A to nejen na h\u0159i\u0161ti. Jako prvn\u00ed hr\u00e1\u010d ze zahrani\u010d\u00ed v d\u011bjin\u00e1ch Manchesteru United dos\u00e1hl z anglick\u00e9ho jazyka levelu C1. Slov\u00e1k MARTIN \u0160VIDERSK\u00dd byl loni kapit\u00e1nem United do 18 let.<\/p>\n\n\n\n<p class=\"wp-block-paragraph\">V uplynul\u00e9 sez\u00f3n\u011b pat\u0159il mezi l\u00eddry v\u00fdb\u011bru b\u00e9\u010dka, kter\u00fd je u\u017e posledn\u00edm n\u00e1dra\u017e\u00edm p\u0159ed vstupem mezi fotbalov\u00e9 hv\u011bzdy. Devaten\u00e1ctilet\u00fd rod\u00e1k z Vranova nad Top\u013eou se v\u0161ak rozhodl p\u0159estoupit do Almerie, kter\u00e1 je nov\u00e1\u010dkem \u0161pan\u011blsk\u00e9 ligy. V rozs\u00e1hl\u00e9m rozhovoru pro Sportnet vysv\u011btluje tak\u00e9 to, \u017ee co ho k tomu vedlo. Ale t\u0159eba to, \u017ee jak\u00fd slovensk\u00fd klub ho l\u00e1kal. Pro\u010d ho zastupuje anglick\u00fd agent?<\/p>\n\n\n\n<p class=\"wp-block-paragraph\">Z Manchesteru jste zam\u00ed\u0159ili do \u0160pan\u011blska. Jak\u00e9 jsou va\u0161e prvn\u00ed dojmy z Almerie?<\/p>\n\n\n\n<p class=\"wp-block-paragraph\">U\u017e se mi poda\u0159ilo setkat i p\u00e1r p\u0159\u00edznivc\u016f, kte\u0159\u00ed m\u011b \u017e\u00e1dali o fotografii \u010di autogram. Velmi m\u011b to p\u0159ekvapilo. Fanou\u0161ci m\u011b p\u0159istavili dokonce u\u017e dva dny p\u0159ed t\u00edm, jak jsem se stal ofici\u00e1ln\u011b hr\u00e1\u010dem Almerie. P\u0159i\u0161lo mi z\u00e1bavn\u00e9, \u017ee m\u011b poznali p\u0159edem a ptali se: \\&#8220;Vy jste ten Martin, co m\u00e1 p\u0159estoupit do Almerie?\\&#8220;.<\/p>\n\n\n\n<p class=\"wp-block-paragraph\">Byla to moje prvn\u00ed a velmi mil\u00e1 zku\u0161enost s m\u011bstem a lidmi. N\u00e1sledn\u011b m\u011b v apartm\u00e1nov\u00e9m komplexu, tam kde bydl\u00edm, potkali jin\u00ed fanou\u0161ci. Ve fitness centru mi gratulovali k p\u0159estupu. Stejn\u011b se m\u011b ptali, \u017ee jestli jsem ta nov\u00e1 posila. Pochlubili se, \u017ee si koupili permanentky.<\/p>\n\n\n\n<p class=\"wp-block-paragraph\">Do Almerie jsem p\u0159ilet\u011bl u\u017e v \u00fater\u00fd. P\u0159edem jsem si vybavil apartm\u00e1n, kter\u00fd je kousek od stadionu. P\u0159i\u0161el jsem d\u0159\u00edv, abych se sezn\u00e1mil s prost\u0159ed\u00edm a lidmi v klubu. Na m\u00e9 po\u017e\u00e1d\u00e1n\u00ed jsem si vybavil individu\u00e1ln\u00ed tr\u00e9ninky, abych byl l\u00e9pe p\u0159ipraven. Jsme na jihu \u0160pan\u011blska, co\u017e znamen\u00e1, \u017ee je zde velmi teplo. P\u0159\u00edjemn\u00e9 prost\u0159ed\u00ed a velmi mil\u00ed lid\u00e9. D\u011blali n\u00e1m r\u016fzn\u00e9 testy a m\u011b\u0159en\u00ed.<\/p>\n","protected":false},"excerpt":{"rendered":"<p>Nov\u00e1 cesta m\u011b posune mnohem v\u00fd\u0161e a rychleji, ne\u017e kdybych z\u016fstal v Manchesteru. \u0158\u00edk\u00e1 vysp\u011ble, sebev\u011bdom\u011b. U\u017e ve v\u011bku teenagera p\u016fsob\u00ed jako v\u016fdce. A to nejen na h\u0159i\u0161ti. Jako prvn\u00ed hr\u00e1\u010d ze zahrani\u010d\u00ed v d\u011bjin\u00e1ch Manchesteru United dos\u00e1hl z anglick\u00e9ho jazyka levelu C1. Slov\u00e1k MARTIN \u0160VIDERSK\u00dd byl loni kapit\u00e1nem United do 18 let. V uplynul\u00e9 [&hellip;]<\/p>\n","protected":false},"author":2,"featured_media":2201,"comment_status":"closed","ping_status":"closed","sticky":false,"template":"","format":"standard","meta":{"tdm_status":"","tdm_grid_status":"","footnotes":""},"categories":[10],"tags":[],"class_list":["post-2203","post","type-post","status-publish","format-standard","has-post-thumbnail","category-finance"],"_links":{"self":[{"href":"https:\/\/zradnice.cz\/index.php?rest_route=\/wp\/v2\/posts\/2203","targetHints":{"allow":["GET"]}}],"collection":[{"href":"https:\/\/zradnice.cz\/index.php?rest_route=\/wp\/v2\/posts"}],"about":[{"href":"https:\/\/zradnice.cz\/index.php?rest_route=\/wp\/v2\/types\/post"}],"author":[{"embeddable":true,"href":"https:\/\/zradnice.cz\/index.php?rest_route=\/wp\/v2\/users\/2"}],"replies":[{"embeddable":true,"href":"https:\/\/zradnice.cz\/index.php?rest_route=%2Fwp%2Fv2%2Fcomments&post=2203"}],"version-history":[{"count":0,"href":"https:\/\/zradnice.cz\/index.php?rest_route=\/wp\/v2\/posts\/2203\/revisions"}],"wp:featuredmedia":[{"embeddable":true,"href":"https:\/\/zradnice.cz\/index.php?rest_route=\/wp\/v2\/media\/2201"}],"wp:attachment":[{"href":"https:\/\/zradnice.cz\/index.php?rest_route=%2Fwp%2Fv2%2Fmedia&parent=2203"}],"wp:term":[{"taxonomy":"category","embeddable":true,"href":"https:\/\/zradnice.cz\/index.php?rest_route=%2Fwp%2Fv2%2Fcategories&post=2203"},{"taxonomy":"post_tag","embeddable":true,"href":"https:\/\/zradnice.cz\/index.php?rest_route=%2Fwp%2Fv2%2Ftags&post=2203"}],"curies":[{"name":"wp","href":"https:\/\/api.w.org\/{rel}","templated":true}]}}