{"id":2208,"date":"2022-07-11T12:05:55","date_gmt":"2022-07-11T10:05:55","guid":{"rendered":"https:\/\/zradnice.cz\/?p=2208"},"modified":"2022-07-11T12:05:56","modified_gmt":"2022-07-11T10:05:56","slug":"jak-ucinne-bojovat-s-horkem-v-aute","status":"publish","type":"post","link":"https:\/\/zradnice.cz\/?p=2208","title":{"rendered":"Jak \u00fa\u010dinn\u011b bojovat s horkem v aut\u011b"},"content":{"rendered":"\n<p class=\"wp-block-paragraph\">Sednout si v l\u00e9t\u011b do rozp\u00e1len\u00e9ho auta je, jako kdybyste vjeli do sauny. Vysok\u00e9 teploty organismu rozhodn\u011b neprosp\u00edvaj\u00ed. Krom\u011b zdravotn\u00edch probl\u00e9m\u016f mohou b\u00fdt p\u0159\u00ed\u010dinou zv\u00fd\u0161en\u00e9 podr\u00e1\u017ed\u011bnosti a sn\u00ed\u017een\u00e9 koncentrace.<\/p>\n\n\n\n<p class=\"wp-block-paragraph\">Na\u0161t\u011bst\u00ed m\u016f\u017eete podobn\u00fdm stav\u016fm \u00fasp\u011b\u0161n\u011b a zcela jednodu\u0161e p\u0159edch\u00e1zet. Nab\u00edz\u00edme p\u0159ehled nej\u00fa\u010dinn\u011bj\u0161\u00edch zp\u016fsob\u016f, jak bojovat s teplem v aut\u011b a jak spr\u00e1vn\u011b pou\u017e\u00edvat klimatizaci.<\/p>\n\n\n\n<p class=\"wp-block-paragraph\">P\u0159edev\u0161\u00edm je dobr\u00e9 p\u0159eh\u0159\u00e1t\u00ed auta p\u0159edch\u00e1zet a sna\u017eit se zamezit pronik\u00e1n\u00ed slune\u010dn\u00edch paprsk\u016f do auta. V galerii nab\u00edz\u00edme osv\u011bd\u010den\u00e9 tipy, na kter\u00e9 \u0159idi\u010di p\u0159i sp\u011bchu \u010dasto zapom\u00ednaj\u00ed.<\/p>\n\n\n\n<p class=\"wp-block-paragraph\">Jak si chr\u00e1nit auto p\u0159ed sluncem<br>Rozp\u00e1len\u00fd interi\u00e9r nen\u00ed jen nep\u0159\u00edjemn\u00fd, ale zkracuje se tak i jeho \u017eivotnost. N\u00e1chyln\u00e9 k rychl\u00e9mu st\u00e1rnut\u00ed jsou zejm\u00e9na ko\u017een\u00e1 sedadla, p\u0159\u00edpadn\u011b m\u011bk\u010den\u00e9 plasty.<\/p>\n\n\n\n<p class=\"wp-block-paragraph\">Pokud nem\u00e1te mo\u017enost zaparkovat ve st\u00ednu, tak p\u0159i odchodu z auta je p\u0159ikryjte sv\u011btl\u00fdm ru\u010dn\u00edkem. Stejn\u00fd postup je vhodn\u00fd zopakovat iu p\u0159\u00edstrojov\u00e9 desky v\u010detn\u011b volantu.<\/p>\n\n\n\n<p class=\"wp-block-paragraph\">M\u011bjte tekutiny v\u017edy po ruce<br>P\u0159i vysok\u00fdch teplot\u00e1ch je t\u0159eba d\u00e1vat v\u011bt\u0161\u00ed pozor na dodr\u017eov\u00e1n\u00ed pitn\u00e9ho re\u017eimu, kter\u00fd mnoz\u00ed podce\u0148uj\u00ed.<\/p>\n\n\n\n<p class=\"wp-block-paragraph\">M\u011bjte proto dostatek vody v\u017edy po ruce a to iv klimatizovan\u00e9m aut\u011b. Pokud je takov\u00e1 mo\u017enost, odlo\u017ete si vodu do chladic\u00ed p\u0159ihr\u00e1dky p\u0159ed spolujezdcem.<\/p>\n\n\n\n<p class=\"wp-block-paragraph\">Dostatek tekutin p\u0159ijde ur\u010dit\u011b vhod i p\u0159i nep\u0159edv\u00eddateln\u00fdch okolnostech, jako kolony na d\u00e1lnici \u010di zka\u017een\u00e9 auto.<\/p>\n\n\n\n<p class=\"wp-block-paragraph\">V sou\u010dasnosti jsou ji\u017e t\u00e9m\u011b\u0159 v\u0161echna nov\u00e1 auta vybavena manu\u00e1ln\u00ed nebo automatickou klimatizac\u00ed, kter\u00e1 v\u00e1m dok\u00e1\u017ee v\u00fdrazn\u011b zp\u0159\u00edjemnit letn\u00ed cestov\u00e1n\u00ed. Ne v\u0161ichni ale v\u011bd\u00ed, jak klimatizaci spr\u00e1vn\u011b pou\u017e\u00edvat a \u017ee o ni je t\u0159eba se starat.<\/p>\n\n\n\n<p class=\"wp-block-paragraph\">S chladem to nep\u0159eh\u00e1n\u011bjte<br>I kdy\u017e se chcete po nastoupen\u00ed do rozp\u00e1len\u00e9ho auta co nejd\u0159\u00edve zchladit, nen\u00ed ale vhodn\u00e9 p\u0159i hork\u00e9m vzduchu okam\u017eit\u011b pustit klimatizaci. D\u0159\u00edve ne\u017e ji zapnete, vyv\u011btrejte vyh\u0159\u00e1t\u00fd vzduch j\u00edzdou se spu\u0161t\u011bn\u00fdmi okny as naplno pu\u0161t\u011bn\u00fdm ventil\u00e1torem.<\/p>\n\n\n\n<p class=\"wp-block-paragraph\">P\u0159i kr\u00e1tk\u00fdch vzd\u00e1lenostech se navzdory nep\u0159\u00edjemn\u00e9mu teplu nedoporu\u010duje zap\u00ednat klimatizaci, proto\u017ee lidsk\u00e9mu organismu rychl\u00e9 st\u0159\u00edd\u00e1n\u00ed teplot neprosp\u00edv\u00e1.<\/p>\n\n\n\n<p class=\"wp-block-paragraph\">Teplotn\u00ed rozd\u00edl mezi venkovn\u00ed teplotou a teplotou v aut\u011b by nem\u011bl b\u00fdt v\u011bt\u0161\u00ed ne\u017e 6 stup\u0148\u016f Celsia. Ani p\u0159i del\u0161\u00edch cest\u00e1ch byste si z auta nem\u011bli d\u011blat lednici.<\/p>\n\n\n\n<p class=\"wp-block-paragraph\">Existuj\u00ed dv\u011b rozd\u00edln\u00e1 doporu\u010den\u00ed. Prvn\u00ed, v\u0161eobecn\u011b zn\u00e1m\u00e9, \u0159ad\u00ed p\u0159ed p\u0159\u00edjezdem do c\u00edle zv\u00fd\u0161it teplotu v interi\u00e9ru tak, aby bylo na\u0161e t\u011blo dostate\u010dn\u011b aklimatizov\u00e1no p\u0159i vystupov\u00e1n\u00ed z auta a neza\u017eilo \u0161ok. Druh\u00fdm doporu\u010den\u00edm je zap\u00ednat klimatizaci ka\u017edou hodinu na pouh\u00fdch 20 minut.<\/p>\n\n\n\n<p class=\"wp-block-paragraph\">Pokud u\u017e klimatizace b\u011b\u017e\u00ed, nemi\u0159te jej\u00ed fouk\u00e1n\u00ed na t\u011blo, ale sp\u00ed\u0161e na skla auta. Pr\u00e1v\u011b jejich p\u0159eh\u0159\u00e1t\u00edm se do interi\u00e9ru dost\u00e1v\u00e1 teplo.<\/p>\n\n\n\n<p class=\"wp-block-paragraph\">Deset minut p\u0159ed p\u0159\u00edjezdem do c\u00edle vypn\u011bte klimatizaci \u00fapln\u011b. Kondenz v chladic\u00edm syst\u00e9mu tak stihne vyschnout a p\u0159i nejbli\u017e\u0161\u00edm zapnut\u00ed klimatizace v\u00e1s nep\u0159iv\u00edt\u00e1 nep\u0159\u00edjemn\u00fd z\u00e1pach.<\/p>\n\n\n\n<p class=\"wp-block-paragraph\">Klimatizace vy\u017eaduje pravidelnou \u00fadr\u017ebu<br>Pokud u\u017e ale klimatizace zap\u00e1ch\u00e1, nechte si ji vy\u010distit v autoservisu. V opa\u010dn\u00e9m p\u0159\u00edpad\u011b zbyte\u010dn\u011b riskujete z\u00e1n\u011btliv\u00e9 onemocn\u011bn\u00ed d\u00fdchac\u00edch cest. Za z\u00e1pachem se toti\u017e skr\u00fdvaj\u00ed viry, mikroskopick\u00e9 vl\u00e1knit\u00e9 houby, r\u016fzn\u00e9 pl\u00edsn\u011b a bakterie.<\/p>\n\n\n\n<p class=\"wp-block-paragraph\">Krom\u011b zdrav\u00e9ho prost\u0159ed\u00ed byste nem\u011bli podce\u0148ovat ani pravidelnou \u00fadr\u017ebu klimatizace. Nechte si ji zkontrolovat p\u0159ed ka\u017edou letn\u00ed sez\u00f3nou. Servisn\u00ed prohl\u00eddka stoj\u00ed 30 a\u017e 40 eur a m\u016f\u017eete d\u00edky n\u00ed p\u0159edej\u00edt pozd\u011bj\u0161\u00edm, v\u00fdrazn\u011b dra\u017e\u0161\u00edm oprav\u00e1m.<\/p>\n\n\n\n<p class=\"wp-block-paragraph\">\u010cast\u00fdm probl\u00e9mem spr\u00e1vn\u00e9ho fungov\u00e1n\u00ed klimatizace je pokles intenzity chlazen\u00ed. V\u011bt\u0161inou za to m\u016f\u017ee nedostatek chladic\u00ed sm\u011bsi v syst\u00e9mu.<\/p>\n\n\n\n<p class=\"wp-block-paragraph\">Klimatizace toti\u017e vyu\u017e\u00edv\u00e1 sm\u011bsi, kter\u00e1 snadno m\u011bn\u00ed skupenstv\u00ed mezi plynn\u00fdm a kapaln\u00fdm. Kompresor stla\u010d\u00ed chladivo v plynn\u00e9m skupenstv\u00ed, kter\u00e9 v chladi\u010di op\u011bt zkapaln\u00ed. V t\u00e9to form\u011b je vh\u00e1n\u011bno do v\u00fdparn\u00edku, kde absorbuje teplo ze vzduchu vh\u00e1n\u011bn\u00e9ho do interi\u00e9ru, a op\u011bt se m\u011bn\u00ed na plyn.<\/p>\n\n\n\n<p class=\"wp-block-paragraph\">Proto plat\u00ed, \u017ee \u010d\u00edm m\u00e9n\u011b chladiva v klimatizaci m\u00e1te, t\u00edm je ni\u017e\u0161\u00ed i jej\u00ed \u00fa\u010dinnost. Zanedbanou \u00fadr\u017ebou se chlad\u00edc\u00ed sm\u011bs nakonec vypa\u0159\u00ed \u00fapln\u011b a klimatizace p\u0159estane fungovat nebo dojde k jej\u00edmu po\u0161kozen\u00ed.<\/p>\n\n\n\n<p class=\"wp-block-paragraph\">Pokud ale v aut\u011b klimatizaci nem\u00e1te nebo ji ze zdravotn\u00edch d\u016fvod\u016f nem\u016f\u017eete pou\u017e\u00edvat, sna\u017ete se auto zaparkovat ve st\u00ednu.<\/p>\n\n\n\n<p class=\"wp-block-paragraph\">Pod \u010deln\u00ed sklo um\u00edst\u011bte reflexn\u00ed clonu, p\u0159\u00edpadn\u011b zat\u00e1hn\u011bte s\u00ed\u0165ku st\u0159e\u0161n\u00edho okna, abyste eliminovali p\u0159eh\u0159\u00e1t\u00ed interi\u00e9ru.<\/p>\n\n\n\n<p class=\"wp-block-paragraph\">Pokud m\u00e1te tmav\u00fd interi\u00e9r s ko\u017een\u00fdmi sedadly, zamezte p\u0159\u00edstup slune\u010dn\u00edm paprsk\u016fm. Improvizovan\u00fdm, ale \u00fa\u010dinn\u00fdm \u0159e\u0161en\u00edm je zakryt\u00ed sedadel a volantu sv\u011btl\u00fdm ru\u010dn\u00edkem nebo plachtou.<\/p>\n","protected":false},"excerpt":{"rendered":"<p>Sednout si v l\u00e9t\u011b do rozp\u00e1len\u00e9ho auta je, jako kdybyste vjeli do sauny. Vysok\u00e9 teploty organismu rozhodn\u011b neprosp\u00edvaj\u00ed. Krom\u011b zdravotn\u00edch probl\u00e9m\u016f mohou b\u00fdt p\u0159\u00ed\u010dinou zv\u00fd\u0161en\u00e9 podr\u00e1\u017ed\u011bnosti a sn\u00ed\u017een\u00e9 koncentrace. Na\u0161t\u011bst\u00ed m\u016f\u017eete podobn\u00fdm stav\u016fm \u00fasp\u011b\u0161n\u011b a zcela jednodu\u0161e p\u0159edch\u00e1zet. Nab\u00edz\u00edme p\u0159ehled nej\u00fa\u010dinn\u011bj\u0161\u00edch zp\u016fsob\u016f, jak bojovat s teplem v aut\u011b a jak spr\u00e1vn\u011b pou\u017e\u00edvat klimatizaci. P\u0159edev\u0161\u00edm je [&hellip;]<\/p>\n","protected":false},"author":2,"featured_media":2209,"comment_status":"closed","ping_status":"closed","sticky":false,"template":"","format":"standard","meta":{"tdm_status":"","tdm_grid_status":"","footnotes":""},"categories":[9],"tags":[],"class_list":["post-2208","post","type-post","status-publish","format-standard","has-post-thumbnail","category-regionalni-zpravy"],"_links":{"self":[{"href":"https:\/\/zradnice.cz\/index.php?rest_route=\/wp\/v2\/posts\/2208","targetHints":{"allow":["GET"]}}],"collection":[{"href":"https:\/\/zradnice.cz\/index.php?rest_route=\/wp\/v2\/posts"}],"about":[{"href":"https:\/\/zradnice.cz\/index.php?rest_route=\/wp\/v2\/types\/post"}],"author":[{"embeddable":true,"href":"https:\/\/zradnice.cz\/index.php?rest_route=\/wp\/v2\/users\/2"}],"replies":[{"embeddable":true,"href":"https:\/\/zradnice.cz\/index.php?rest_route=%2Fwp%2Fv2%2Fcomments&post=2208"}],"version-history":[{"count":0,"href":"https:\/\/zradnice.cz\/index.php?rest_route=\/wp\/v2\/posts\/2208\/revisions"}],"wp:featuredmedia":[{"embeddable":true,"href":"https:\/\/zradnice.cz\/index.php?rest_route=\/wp\/v2\/media\/2209"}],"wp:attachment":[{"href":"https:\/\/zradnice.cz\/index.php?rest_route=%2Fwp%2Fv2%2Fmedia&parent=2208"}],"wp:term":[{"taxonomy":"category","embeddable":true,"href":"https:\/\/zradnice.cz\/index.php?rest_route=%2Fwp%2Fv2%2Fcategories&post=2208"},{"taxonomy":"post_tag","embeddable":true,"href":"https:\/\/zradnice.cz\/index.php?rest_route=%2Fwp%2Fv2%2Ftags&post=2208"}],"curies":[{"name":"wp","href":"https:\/\/api.w.org\/{rel}","templated":true}]}}