{"id":2211,"date":"2022-07-11T12:12:15","date_gmt":"2022-07-11T10:12:15","guid":{"rendered":"https:\/\/zradnice.cz\/?p=2211"},"modified":"2022-07-11T12:12:16","modified_gmt":"2022-07-11T10:12:16","slug":"mercedes-benz-svolava-temer-milion-aut-pro-mozne-problemy-s-brzdami","status":"publish","type":"post","link":"https:\/\/zradnice.cz\/?p=2211","title":{"rendered":"Mercedes-Benz svol\u00e1v\u00e1 t\u00e9m\u011b\u0159 milion aut pro mo\u017en\u00e9 probl\u00e9my s brzdami"},"content":{"rendered":"\n<p class=\"wp-block-paragraph\">Svol\u00e1v\u00e1n\u00ed se t\u00fdk\u00e1 sportovn\u011b-u\u017eitkov\u00fdch vozidel t\u0159\u00eddy ML a GL a pr\u00e9miov\u00e9ho minivanu t\u0159\u00eddy R vyroben\u00fdch v letech 2004 a\u017e 2015.<\/p>\n\n\n\n<p class=\"wp-block-paragraph\">N\u011bmeck\u00e1 automobilka Mercedes-Benz svol\u00e1v\u00e1 po cel\u00e9m sv\u011bt\u011b do servis\u016f t\u00e9m\u011b\u0159 milion star\u0161\u00edch aut. D\u016fvodem jsou mo\u017en\u00e9 probl\u00e9my s brzdov\u00fdm syst\u00e9mem. Uvedl to o v\u00edkendu Spolkov\u00fd \u00fa\u0159ad pro motorov\u00e1 vozidla (KBA). TASR o tom informuje na z\u00e1klad\u011b zpr\u00e1vy agentury AFP.<\/p>\n\n\n\n<p class=\"wp-block-paragraph\">Podle informac\u00ed KBA je\u0161t\u011b z 1. \u010dervna, kter\u00e1 n\u011bmeck\u00e1 m\u00e9dia zve\u0159ejnila v sobotu ve\u010der (4. 6.), svol\u00e1v\u00e1n\u00ed se t\u00fdk\u00e1 sportovn\u011b-u\u017eitkov\u00fdch voz\u016f t\u0159\u00eddy ML a GL a pr\u00e9miov\u00e9ho minivanu t\u0159\u00eddy R vyroben\u00fdch v letech 2004 a\u017e 2015. &#8222;Koroze posilova\u010de brzd m\u016f\u017ee v nejhor\u0161\u00edm p\u0159\u00edpad\u011b v\u00e9st k p\u0159eru\u0161en\u00ed spojen\u00ed mezi brzdov\u00fdm ped\u00e1lem a brzdov\u00fdm syst\u00e9mem,\u201c uvedl KBA.<\/p>\n\n\n\n<p class=\"wp-block-paragraph\">\u00da\u0159ad dodal, \u017ee Mercedes-Benz svol\u00e1v\u00e1 celosv\u011btov\u011b do servis\u016f 993 407 voz\u016f. Na dom\u00e1c\u00edm trhu se tento proces t\u00fdk\u00e1 p\u0159ibli\u017en\u011b 70 tis\u00edc aut.<\/p>\n\n\n\n<p class=\"wp-block-paragraph\">Firma svol\u00e1v\u00e1n\u00ed pozd\u011bji pro AFP potvrdila a uvedla, \u017ee s n\u00edm za\u010dne okam\u017eit\u011b, p\u0159i\u010dem\u017e bude informovat vlastn\u00edky &#8222;probl\u00e9mem potenci\u00e1ln\u011b dot\u010den\u00fdch vozidel&#8220;. Svol\u00e1vac\u00ed proces bude podle Mercedesu zahrnovat kontrolu vozidel, kter\u00e1 by mohla m\u00edt probl\u00e9m, a v z\u00e1vislosti na v\u00fdsledku kontroly i v\u00fdm\u011bnu pot\u0159ebn\u00fdch komponent\u016f.<\/p>\n","protected":false},"excerpt":{"rendered":"<p>Svol\u00e1v\u00e1n\u00ed se t\u00fdk\u00e1 sportovn\u011b-u\u017eitkov\u00fdch vozidel t\u0159\u00eddy ML a GL a pr\u00e9miov\u00e9ho minivanu t\u0159\u00eddy R vyroben\u00fdch v letech 2004 a\u017e 2015. N\u011bmeck\u00e1 automobilka Mercedes-Benz svol\u00e1v\u00e1 po cel\u00e9m sv\u011bt\u011b do servis\u016f t\u00e9m\u011b\u0159 milion star\u0161\u00edch aut. D\u016fvodem jsou mo\u017en\u00e9 probl\u00e9my s brzdov\u00fdm syst\u00e9mem. Uvedl to o v\u00edkendu Spolkov\u00fd \u00fa\u0159ad pro motorov\u00e1 vozidla (KBA). TASR o tom informuje na [&hellip;]<\/p>\n","protected":false},"author":2,"featured_media":2212,"comment_status":"closed","ping_status":"closed","sticky":false,"template":"","format":"standard","meta":{"tdm_status":"","tdm_grid_status":"","footnotes":""},"categories":[10],"tags":[],"class_list":["post-2211","post","type-post","status-publish","format-standard","has-post-thumbnail","category-finance"],"_links":{"self":[{"href":"https:\/\/zradnice.cz\/index.php?rest_route=\/wp\/v2\/posts\/2211","targetHints":{"allow":["GET"]}}],"collection":[{"href":"https:\/\/zradnice.cz\/index.php?rest_route=\/wp\/v2\/posts"}],"about":[{"href":"https:\/\/zradnice.cz\/index.php?rest_route=\/wp\/v2\/types\/post"}],"author":[{"embeddable":true,"href":"https:\/\/zradnice.cz\/index.php?rest_route=\/wp\/v2\/users\/2"}],"replies":[{"embeddable":true,"href":"https:\/\/zradnice.cz\/index.php?rest_route=%2Fwp%2Fv2%2Fcomments&post=2211"}],"version-history":[{"count":0,"href":"https:\/\/zradnice.cz\/index.php?rest_route=\/wp\/v2\/posts\/2211\/revisions"}],"wp:featuredmedia":[{"embeddable":true,"href":"https:\/\/zradnice.cz\/index.php?rest_route=\/wp\/v2\/media\/2212"}],"wp:attachment":[{"href":"https:\/\/zradnice.cz\/index.php?rest_route=%2Fwp%2Fv2%2Fmedia&parent=2211"}],"wp:term":[{"taxonomy":"category","embeddable":true,"href":"https:\/\/zradnice.cz\/index.php?rest_route=%2Fwp%2Fv2%2Fcategories&post=2211"},{"taxonomy":"post_tag","embeddable":true,"href":"https:\/\/zradnice.cz\/index.php?rest_route=%2Fwp%2Fv2%2Ftags&post=2211"}],"curies":[{"name":"wp","href":"https:\/\/api.w.org\/{rel}","templated":true}]}}