{"id":2226,"date":"2022-07-11T12:30:40","date_gmt":"2022-07-11T10:30:40","guid":{"rendered":"https:\/\/zradnice.cz\/?p=2226"},"modified":"2022-07-11T12:30:40","modified_gmt":"2022-07-11T10:30:40","slug":"prince-philipa-na-posledni-ceste-odveze-defender-ktery-sam-pomohl-navrhnout","status":"publish","type":"post","link":"https:\/\/zradnice.cz\/?p=2226","title":{"rendered":"Prince Philipa na posledn\u00ed cest\u011b odveze Defender, kter\u00fd s\u00e1m pomohl navrhnout"},"content":{"rendered":"\n<p class=\"wp-block-paragraph\">Sobota 17. dubna pat\u0159\u00ed ve Velk\u00e9 Brit\u00e1nii rozlou\u010den\u00ed se zesnul\u00fdm princem Philipem, man\u017eelem kr\u00e1lovny Al\u017eb\u011bty II. Na svoji posledn\u00ed cestu si s\u00e1m vybral auto, dokonce ho pomohl i navrhnout.<\/p>\n\n\n\n<p class=\"wp-block-paragraph\">V are\u00e1lu Windsorsk\u00e9ho z\u00e1mku truhlu odveze Land Rover Defender TD5 130 v \u00faprav\u011b podle p\u0159edstav zesnul\u00e9ho prince Philipa.<\/p>\n\n\n\n<p class=\"wp-block-paragraph\">Zaj\u00edmavost\u00ed je, \u017ee v\u016fz pro tuto p\u0159\u00edle\u017eitost vyrobili v britsk\u00e9m Solihullu ji\u017e v roce 2003, kdy m\u011bl man\u017eel kr\u00e1lovny Al\u017eb\u011bty II. 82 let. Klasick\u00fd Defender vych\u00e1z\u00ed z verze pick-up, auto je lakov\u00e1no ve vojensk\u00e9 zelen\u00e9 barv\u011b Dark Bronze Green. Speci\u00e1ln\u011b upraven\u00e1 korba byla prodlou\u017eena, aby se na ni ve\u0161la truhla.<\/p>\n\n\n\n<p class=\"wp-block-paragraph\">I kdy\u017e se spekulovalo o elektrick\u00e9 verzi auta, poh\u0159ebn\u00ed Defender podle ozna\u010den\u00ed poh\u00e1n\u00ed 2,5litrov\u00fd naftov\u00fd p\u011btiv\u00e1lec o v\u00fdkonu 91 kW (122 kon\u00ed). V roce 1998 \u0161lo o posledn\u00ed naftov\u00fd motor vyvinut\u00fd Land Roverem pot\u00e9, co automobilku p\u0159evzalo BMW a za\u010dalo pou\u017e\u00edvat sv\u00e9 vlastn\u00ed dieselov\u00e9 motory.<\/p>\n\n\n\n<p class=\"wp-block-paragraph\">Sou\u010dasn\u00fd \u0161\u00e9f britsk\u00e9 automobilky Thierry Bollor\u00e9 ocenil princovy p\u016fsobiv\u00e9 znalosti a hlubok\u00fd z\u00e1jem o design i v\u00fdrobu voz\u016f, kter\u00fd b\u011bhem sv\u00e9ho \u017eivota projevoval.<\/p>\n\n\n\n<p class=\"wp-block-paragraph\">Poh\u0159ebn\u00ed ob\u0159ady se budou konat v sobotu v kapli svat\u00e9ho Ji\u0159\u00edho v 15:00 m\u00edstn\u00edho \u010dasu (16:00 SEL\u010c). Cel\u00fd ob\u0159ad se uskute\u010dn\u00ed v\u00fdlu\u010dn\u011b v are\u00e1lu z\u00e1mku, p\u0159i\u010dem\u017e t\u011bsn\u011b p\u0159ed za\u010d\u00e1tkem poh\u0159bu si cel\u00e1 zem\u011b zesnul\u00e9ho prince uct\u00ed minutou ticha.<\/p>\n","protected":false},"excerpt":{"rendered":"<p>Sobota 17. dubna pat\u0159\u00ed ve Velk\u00e9 Brit\u00e1nii rozlou\u010den\u00ed se zesnul\u00fdm princem Philipem, man\u017eelem kr\u00e1lovny Al\u017eb\u011bty II. Na svoji posledn\u00ed cestu si s\u00e1m vybral auto, dokonce ho pomohl i navrhnout. V are\u00e1lu Windsorsk\u00e9ho z\u00e1mku truhlu odveze Land Rover Defender TD5 130 v \u00faprav\u011b podle p\u0159edstav zesnul\u00e9ho prince Philipa. Zaj\u00edmavost\u00ed je, \u017ee v\u016fz pro tuto p\u0159\u00edle\u017eitost vyrobili [&hellip;]<\/p>\n","protected":false},"author":2,"featured_media":2227,"comment_status":"closed","ping_status":"closed","sticky":false,"template":"","format":"standard","meta":{"tdm_status":"","tdm_grid_status":"","footnotes":""},"categories":[9],"tags":[],"class_list":["post-2226","post","type-post","status-publish","format-standard","has-post-thumbnail","category-regionalni-zpravy"],"_links":{"self":[{"href":"https:\/\/zradnice.cz\/index.php?rest_route=\/wp\/v2\/posts\/2226","targetHints":{"allow":["GET"]}}],"collection":[{"href":"https:\/\/zradnice.cz\/index.php?rest_route=\/wp\/v2\/posts"}],"about":[{"href":"https:\/\/zradnice.cz\/index.php?rest_route=\/wp\/v2\/types\/post"}],"author":[{"embeddable":true,"href":"https:\/\/zradnice.cz\/index.php?rest_route=\/wp\/v2\/users\/2"}],"replies":[{"embeddable":true,"href":"https:\/\/zradnice.cz\/index.php?rest_route=%2Fwp%2Fv2%2Fcomments&post=2226"}],"version-history":[{"count":0,"href":"https:\/\/zradnice.cz\/index.php?rest_route=\/wp\/v2\/posts\/2226\/revisions"}],"wp:featuredmedia":[{"embeddable":true,"href":"https:\/\/zradnice.cz\/index.php?rest_route=\/wp\/v2\/media\/2227"}],"wp:attachment":[{"href":"https:\/\/zradnice.cz\/index.php?rest_route=%2Fwp%2Fv2%2Fmedia&parent=2226"}],"wp:term":[{"taxonomy":"category","embeddable":true,"href":"https:\/\/zradnice.cz\/index.php?rest_route=%2Fwp%2Fv2%2Fcategories&post=2226"},{"taxonomy":"post_tag","embeddable":true,"href":"https:\/\/zradnice.cz\/index.php?rest_route=%2Fwp%2Fv2%2Ftags&post=2226"}],"curies":[{"name":"wp","href":"https:\/\/api.w.org\/{rel}","templated":true}]}}