{"id":2514,"date":"2022-07-30T14:11:10","date_gmt":"2022-07-30T12:11:10","guid":{"rendered":"https:\/\/zradnice.cz\/?p=2514"},"modified":"2022-07-30T14:11:11","modified_gmt":"2022-07-30T12:11:11","slug":"v-nove-sedlici-renovuji-chaloupku-z-vecernicka","status":"publish","type":"post","link":"https:\/\/zradnice.cz\/?p=2514","title":{"rendered":"V Nov\u00e9 Sedlici renovuj\u00ed chaloupku z Ve\u010dern\u00ed\u010dka"},"content":{"rendered":"\n<p class=\"wp-block-paragraph\">Dome\u010dek, kter\u00fd m\u00e1 b\u00fdt hodnov\u011brnou kopi\u00ed chaloupky z Ve\u010dern\u00ed\u010dku, u\u017e n\u011bkolik let ch\u00e1tr\u00e1. Symbol popul\u00e1rn\u00edho seri\u00e1lu pro nejmen\u0161\u00ed v\u0161ak kone\u010dn\u011b dost\u00e1v\u00e1 druhou \u0161anci. Za\u010d\u00e1tkem \u010dervence se toti\u017e za\u010dalo s jeho obnovou.<\/p>\n\n\n\n<p class=\"wp-block-paragraph\">O pot\u0159eb\u011b rekonstrukce poh\u00e1dkov\u00e9 chaloupky z Nov\u00e9 Sedlice se mluvilo d\u00e9le. D\u016fvodem je dezol\u00e1tn\u00ed stav n\u00e1rodn\u00ed kulturn\u00ed pam\u00e1tky, kter\u00e1 \u010del\u00ed hned n\u011bkolika probl\u00e9m\u016fm. Ty by \u010dasem mohly v\u00e9st k jej\u00edmu \u00fapln\u00e9mu zhroucen\u00ed, co\u017e nen\u00ed z\u00e1stupcem RTVS a Pam\u00e1tkov\u00e9mu \u00fa\u0159adu v Pre\u0161ov\u011b lhostejn\u00e9. Spolu tak za\u010dali s obnovou chaloupky, jej\u00ed\u017e replika je neodmyslitelnou sou\u010d\u00e1st\u00ed Ve\u010dern\u00ed\u010dka.<\/p>\n\n\n\n<p class=\"wp-block-paragraph\">Kter\u00e9 rekonstruk\u010dn\u00ed pr\u00e1ce jsou napl\u00e1nov\u00e1ny:<\/p>\n\n\n\n<ul class=\"wp-block-list\"><li>kompletn\u00ed v\u00fdm\u011bna st\u0159echy<\/li><li>v\u00fdm\u011bna stropn\u00edho krovu<\/li><li>v\u00fdm\u011bna d\u0159ev\u011bn\u00fdch hranol\u016f<\/li><li>osazen\u00ed nov\u00fdch oken a dve\u0159\u00ed<\/li><li>osazen\u00ed zcela nov\u00e9 dla\u017eby<\/li><li>vyzd\u011bn\u00ed kom\u00edna a aplikov\u00e1n\u00ed om\u00edtky<\/li><\/ul>\n\n\n\n<p class=\"wp-block-paragraph\">Obnova chaloupky m\u00e1 trvat a\u017e do listopadu<br>Uveden\u00e9 rekonstruk\u010dn\u00ed pr\u00e1ce by m\u011bly b\u00fdt hotovy do konce listopadu, alespo\u0148 takto to vypl\u00fdv\u00e1 z p\u0159edb\u011b\u017en\u00fdch pl\u00e1n\u016f. Celkov\u00e9 n\u00e1klady na jejich proveden\u00ed se maj\u00ed vy\u0161plhat na v\u00edce ne\u017e 114 000 \u20ac. \u010c\u00e1st z nich pokryje dotace z Ministerstva kultury SR, kter\u00e9 v r\u00e1mci programu Obnovme si sv\u016fj d\u016fm na tento \u00fa\u010del vy\u010dlenilo 74 500 \u20ac.<\/p>\n\n\n\n<p class=\"wp-block-paragraph\">Objekt se p\u0159esune, ale z\u016fstane v Nov\u00e9 Sedlici<br>Sou\u010d\u00e1st\u00ed pl\u00e1nu obnovy je tak\u00e9 p\u0159esunut\u00ed objektu na jin\u00e9 m\u00edsto. Z\u016fstat sice m\u00e1 v Nov\u00e9 Sedlici, ale c\u00edlem je um\u00edstit ho n\u011bkam, kde jako atrakce vynikne v\u00edc. Z\u00e1rove\u0148 se v n\u011bm pl\u00e1nuje z\u0159\u00eddit men\u0161\u00ed expozice zam\u011b\u0159en\u00e1 na prezentaci d\u011btsk\u00fdch program\u016f. Ta by mohla p\u0159isp\u011bt ke zv\u00fd\u0161en\u00ed n\u00e1v\u0161t\u011bvnosti obce, kter\u00e1 je sou\u010d\u00e1st\u00ed N\u00e1rodn\u00edho parku Poloniny.<\/p>\n","protected":false},"excerpt":{"rendered":"<p>Dome\u010dek, kter\u00fd m\u00e1 b\u00fdt hodnov\u011brnou kopi\u00ed chaloupky z Ve\u010dern\u00ed\u010dku, u\u017e n\u011bkolik let ch\u00e1tr\u00e1. Symbol popul\u00e1rn\u00edho seri\u00e1lu pro nejmen\u0161\u00ed v\u0161ak kone\u010dn\u011b dost\u00e1v\u00e1 druhou \u0161anci. Za\u010d\u00e1tkem \u010dervence se toti\u017e za\u010dalo s jeho obnovou. O pot\u0159eb\u011b rekonstrukce poh\u00e1dkov\u00e9 chaloupky z Nov\u00e9 Sedlice se mluvilo d\u00e9le. D\u016fvodem je dezol\u00e1tn\u00ed stav n\u00e1rodn\u00ed kulturn\u00ed pam\u00e1tky, kter\u00e1 \u010del\u00ed hned n\u011bkolika probl\u00e9m\u016fm. Ty [&hellip;]<\/p>\n","protected":false},"author":2,"featured_media":2516,"comment_status":"closed","ping_status":"closed","sticky":false,"template":"","format":"standard","meta":{"tdm_status":"","tdm_grid_status":"","footnotes":""},"categories":[9],"tags":[],"class_list":["post-2514","post","type-post","status-publish","format-standard","has-post-thumbnail","category-regionalni-zpravy"],"_links":{"self":[{"href":"https:\/\/zradnice.cz\/index.php?rest_route=\/wp\/v2\/posts\/2514","targetHints":{"allow":["GET"]}}],"collection":[{"href":"https:\/\/zradnice.cz\/index.php?rest_route=\/wp\/v2\/posts"}],"about":[{"href":"https:\/\/zradnice.cz\/index.php?rest_route=\/wp\/v2\/types\/post"}],"author":[{"embeddable":true,"href":"https:\/\/zradnice.cz\/index.php?rest_route=\/wp\/v2\/users\/2"}],"replies":[{"embeddable":true,"href":"https:\/\/zradnice.cz\/index.php?rest_route=%2Fwp%2Fv2%2Fcomments&post=2514"}],"version-history":[{"count":1,"href":"https:\/\/zradnice.cz\/index.php?rest_route=\/wp\/v2\/posts\/2514\/revisions"}],"predecessor-version":[{"id":2518,"href":"https:\/\/zradnice.cz\/index.php?rest_route=\/wp\/v2\/posts\/2514\/revisions\/2518"}],"wp:featuredmedia":[{"embeddable":true,"href":"https:\/\/zradnice.cz\/index.php?rest_route=\/wp\/v2\/media\/2516"}],"wp:attachment":[{"href":"https:\/\/zradnice.cz\/index.php?rest_route=%2Fwp%2Fv2%2Fmedia&parent=2514"}],"wp:term":[{"taxonomy":"category","embeddable":true,"href":"https:\/\/zradnice.cz\/index.php?rest_route=%2Fwp%2Fv2%2Fcategories&post=2514"},{"taxonomy":"post_tag","embeddable":true,"href":"https:\/\/zradnice.cz\/index.php?rest_route=%2Fwp%2Fv2%2Ftags&post=2514"}],"curies":[{"name":"wp","href":"https:\/\/api.w.org\/{rel}","templated":true}]}}