{"id":2522,"date":"2022-07-30T14:27:37","date_gmt":"2022-07-30T12:27:37","guid":{"rendered":"https:\/\/zradnice.cz\/?p=2522"},"modified":"2022-07-30T14:27:38","modified_gmt":"2022-07-30T12:27:38","slug":"10-cisel-z-ergonomie-kuchyne-a-koupelny","status":"publish","type":"post","link":"https:\/\/zradnice.cz\/?p=2522","title":{"rendered":"10 \u010d\u00edsel z ergonomie kuchyn\u011b a koupelny"},"content":{"rendered":"\n<p class=\"wp-block-paragraph\">Z\u00e1sady ergonomie maj\u00ed jasn\u00e1 pravidla. N\u011bkolik se spojuje s polohou vybaven\u00ed kuchyn\u011b a koupelny. V r\u00e1mci nich jsou ur\u010deny rozm\u011bry a standardn\u00ed v\u00fd\u0161ky, jejich\u017e dodr\u017een\u00ed n\u00e1m zajist\u00ed pohodl\u00ed a bezpe\u010dnost p\u0159i pohybu.<\/p>\n\n\n\n<ol class=\"wp-block-list\"><li>V\u00fd\u0161ka kuchy\u0148sk\u00e9ho d\u0159ezu \u2013 86 cm<br>Standardn\u00ed v\u00fd\u0161ka d\u0159ezu je 86 cm, ale v z\u00e1vislosti na v\u00fd\u0161ce obyvatel se m\u016f\u017ee pohybovat v rozmez\u00ed od 85 do 90 cm. Uveden\u00e1 v\u00fd\u0161ka se po\u010d\u00edt\u00e1 v souvislosti s horn\u00ed hranou d\u0159ezu, tedy s \u00farovn\u00ed kuchy\u0148sk\u00e9 linky.<\/li><li>V\u00fd\u0161ka odtoku ve d\u0159ezu \u2013 55 cm<br>S rozm\u011bry pro kuchy\u0148sk\u00fd d\u0159ez souvis\u00ed tak\u00e9 doporu\u010den\u00e1 v\u00fd\u0161ka odtoku. Pokud je d\u0159ez ve standardn\u00ed v\u00fd\u0161ce, pak by m\u011bl odtok dosahovat \u00farovn\u011b 55 cm. V r\u00e1mci ergonomick\u00fdch z\u00e1sad se ud\u00e1v\u00e1 i doporu\u010den\u00fd pr\u016fm\u011br odtoku, kter\u00fd m\u00e1 m\u00edt v takov\u00e9m p\u0159\u00edpad\u011b 5 cm.<\/li><li>V\u00fd\u0161ka n\u00e1st\u011bnn\u00e9 baterie \u2013 115 cm<br>Pro n\u00e1st\u011bnn\u00e9 baterie zav\u011b\u0161en\u00e9 nad kuchy\u0148sk\u00fdm d\u0159ezem je standardem 115 cm. U stojat\u00fdch bateri\u00ed se v\u00fd\u0161ka neuv\u00e1d\u00ed, proto\u017ee ty jsou nainstalov\u00e1ny na \u00farovni horn\u00ed hrany d\u0159ezu, tedy na \u00farovni kolem 86 cm.<\/li><li>V\u00fd\u0161ka umyvadla v koupeln\u011b \u2013 85 cm<br>I umyvadlo v koupeln\u011b se doporu\u010duje montovat ve standardn\u00ed v\u00fd\u0161ce. Ta dosahuje 85 cm, ale n\u011bkde se uv\u00e1d\u00ed i 90 cm, p\u0159i\u010dem\u017e oba z t\u011bchto \u00fadaj\u016f jsou platn\u00e9 pro horn\u00ed hranu umyvadla.<\/li><li>V\u00fd\u0161ka n\u00e1st\u011bnn\u00e9 baterie \u2013 115 cm<br>Rozd\u00edl ve v\u00fd\u0161ce n\u00e1st\u011bnn\u00e9 baterie v kuchyni a v koupeln\u011b nen\u00ed \u017e\u00e1dn\u00fd. Podobn\u011b jako baterie nad d\u0159ezem, i ta nad umyvadlem v koupeln\u011b by m\u011bla b\u00fdt namontov\u00e1na ve v\u00fd\u0161ce 115 cm.<\/li><li>V\u00fd\u0161ka odtoku umyvadla \u2013 53 cm<br>U odtok\u016f umyvadel v kuchyni a v koupeln\u011b u\u017e rozd\u00edly jsou. Zat\u00edmco odtok pod kuchy\u0148sk\u00fdm d\u0159ezem se m\u00e1 montovat na \u00farovni 55 cm, ten v koupeln\u011b se doporu\u010duje um\u00edstit o 2 cm n\u00ed\u017ee. Men\u0161\u00ed m\u00e1 b\u00fdt tak\u00e9 jeho pr\u016fm\u011br, kter\u00fd by nem\u011bl p\u0159es\u00e1hnout 40 cm.<\/li><li>V\u00fd\u0161ka vany \u2013 60 cm<br>P\u0159esto\u017ee n\u011bkter\u00e9 modely vany jsou extr\u00e9mn\u011b \u0161irok\u00e9, jejich v\u00fd\u0161ka by m\u011bla dosahovat \u201ejen\u201c 60 cm, alespo\u0148 tak to plat\u00ed pro \u00farove\u0148 horn\u00ed hrany vany. P\u0159\u00edli\u0161 vysok\u00e1 vana by mohla zp\u016fsobovat komplikace p\u0159i vstupu a v\u00fdstupu i lidem bez probl\u00e9m\u016f s mobilitou.<\/li><li>V\u00fd\u0161ka baterie k van\u011b \u2013 75 cm<br>Zjednodu\u0161en\u00fd p\u0159\u00edstup ke spr\u0161e umo\u017en\u00ed namontov\u00e1n\u00ed baterie jen p\u00e1r centimetr\u016f nad \u00farovn\u00ed horn\u00ed hrany vany. Podle z\u00e1sad ergonomie m\u00e1 tato v\u00fd\u0161ka dosahovat 75 cm, tak\u017ee jen o 15 cm v\u00edce ne\u017e samotn\u00e1 vana.<\/li><li>V\u00fd\u0161ka z\u00e1v\u011bsn\u00e9ho WC \u2013 40 cm<br>V p\u0159\u00edpad\u011b na zemi nainstalovan\u00fdch WC z\u00e1vis\u00ed jejich v\u00fd\u0161ka na vybran\u00e9m modelu. U z\u00e1v\u011bsn\u00fdch model\u016f ji ur\u010duje obecn\u00fd rozm\u011br, podle kter\u00e9ho m\u00e1 b\u00fdt horn\u00ed hrana tohoto druhu WC na \u00farovni 40 cm. Stejn\u00e1 v\u00fd\u0161ka se doporu\u010duje i pro bidety.<\/li><li>V\u00fd\u0161ka piso\u00e1ru \u2013 108 cm<br>Kdo chce m\u00edt doma piso\u00e1r, tomu se doporu\u010duje nechat si jej um\u00edstit a\u017e do v\u00fd\u0161ky nad 1 metr. Standardn\u00ed v\u00fd\u0161ka jeho horn\u00ed hrany je toti\u017e 108 cm, p\u0159i\u010dem\u017e odtok o p\u0159esn\u00e9m pr\u016fm\u011bru 4 cm se montuje na \u00farovni 35 cm.<\/li><\/ol>\n\n\n\n<p class=\"wp-block-paragraph\">Uveden\u00e9 standardn\u00ed rozm\u011bry jsou platn\u00e9 pouze pro osoby s pr\u016fm\u011brnou v\u00fd\u0161kou a bez omezen\u00ed mobility. V p\u0159\u00edpad\u011b jak\u00e9hokoli omezen\u00ed se mus\u00ed p\u0159izp\u016fsobit individu\u00e1ln\u00edm n\u00e1rok\u016fm dan\u00e9 osoby.<\/p>\n","protected":false},"excerpt":{"rendered":"<p>Z\u00e1sady ergonomie maj\u00ed jasn\u00e1 pravidla. N\u011bkolik se spojuje s polohou vybaven\u00ed kuchyn\u011b a koupelny. V r\u00e1mci nich jsou ur\u010deny rozm\u011bry a standardn\u00ed v\u00fd\u0161ky, jejich\u017e dodr\u017een\u00ed n\u00e1m zajist\u00ed pohodl\u00ed a bezpe\u010dnost p\u0159i pohybu. V\u00fd\u0161ka kuchy\u0148sk\u00e9ho d\u0159ezu \u2013 86 cmStandardn\u00ed v\u00fd\u0161ka d\u0159ezu je 86 cm, ale v z\u00e1vislosti na v\u00fd\u0161ce obyvatel se m\u016f\u017ee pohybovat v rozmez\u00ed od [&hellip;]<\/p>\n","protected":false},"author":2,"featured_media":2523,"comment_status":"closed","ping_status":"closed","sticky":false,"template":"","format":"standard","meta":{"tdm_status":"","tdm_grid_status":"","footnotes":""},"categories":[14],"tags":[],"class_list":["post-2522","post","type-post","status-publish","format-standard","has-post-thumbnail","category-bydleni"],"_links":{"self":[{"href":"https:\/\/zradnice.cz\/index.php?rest_route=\/wp\/v2\/posts\/2522","targetHints":{"allow":["GET"]}}],"collection":[{"href":"https:\/\/zradnice.cz\/index.php?rest_route=\/wp\/v2\/posts"}],"about":[{"href":"https:\/\/zradnice.cz\/index.php?rest_route=\/wp\/v2\/types\/post"}],"author":[{"embeddable":true,"href":"https:\/\/zradnice.cz\/index.php?rest_route=\/wp\/v2\/users\/2"}],"replies":[{"embeddable":true,"href":"https:\/\/zradnice.cz\/index.php?rest_route=%2Fwp%2Fv2%2Fcomments&post=2522"}],"version-history":[{"count":1,"href":"https:\/\/zradnice.cz\/index.php?rest_route=\/wp\/v2\/posts\/2522\/revisions"}],"predecessor-version":[{"id":2524,"href":"https:\/\/zradnice.cz\/index.php?rest_route=\/wp\/v2\/posts\/2522\/revisions\/2524"}],"wp:featuredmedia":[{"embeddable":true,"href":"https:\/\/zradnice.cz\/index.php?rest_route=\/wp\/v2\/media\/2523"}],"wp:attachment":[{"href":"https:\/\/zradnice.cz\/index.php?rest_route=%2Fwp%2Fv2%2Fmedia&parent=2522"}],"wp:term":[{"taxonomy":"category","embeddable":true,"href":"https:\/\/zradnice.cz\/index.php?rest_route=%2Fwp%2Fv2%2Fcategories&post=2522"},{"taxonomy":"post_tag","embeddable":true,"href":"https:\/\/zradnice.cz\/index.php?rest_route=%2Fwp%2Fv2%2Ftags&post=2522"}],"curies":[{"name":"wp","href":"https:\/\/api.w.org\/{rel}","templated":true}]}}