{"id":2525,"date":"2022-07-30T14:30:22","date_gmt":"2022-07-30T12:30:22","guid":{"rendered":"https:\/\/zradnice.cz\/?p=2525"},"modified":"2022-07-30T14:30:23","modified_gmt":"2022-07-30T12:30:23","slug":"vybirame-koberec-do-bytu-podle-druhu-a-materialu","status":"publish","type":"post","link":"https:\/\/zradnice.cz\/?p=2525","title":{"rendered":"Vyb\u00edr\u00e1me koberec do bytu &#8211; podle druhu a materi\u00e1lu"},"content":{"rendered":"\n<p class=\"wp-block-paragraph\">Navzdory rostouc\u00ed popt\u00e1vce po podlah\u00e1ch jsou koberce st\u00e1le mezi n\u00e1mi. Na trhu dokonce nach\u00e1z\u00edme dal\u0161\u00ed nov\u00e9 druhy. P\u0159i v\u00fdb\u011bru tak m\u00e1me otev\u0159en\u00e9 mo\u017enosti, a\u0165 u\u017e vyb\u00edr\u00e1me podle druhu nebo materi\u00e1lu.<\/p>\n\n\n\n<p class=\"wp-block-paragraph\">Nejvyu\u017e\u00edvan\u011bj\u0161\u00ed druhy koberc\u016f:<br>St\u0159i\u017een\u00e9 koberce \u2013 Koberce zn\u00e1m\u00e9 tak\u00e9 pod n\u00e1zvem velurov\u00e9 se zhotovuj\u00ed prost\u0159ih\u00e1v\u00e1n\u00edm a n\u00e1sledn\u00fdm upravov\u00e1n\u00edm vl\u00e1ken, kter\u00e1 se zpev\u0148uj\u00ed uchycen\u00edm do podkladu koberce.<\/p>\n\n\n\n<p class=\"wp-block-paragraph\">Plst\u011bn\u00e9 koberce \u2013 Nepat\u0159\u00ed k nejkr\u00e1sn\u011bj\u0161\u00edm, ale obl\u00edben\u00e9 jsou kv\u016fli docela snadn\u00e9 \u00fadr\u017eb\u011b. Tu umo\u017e\u0148uje v\u00fdrobn\u00ed proces zalo\u017een\u00fd na tvz. valchov\u00e1n\u00ed a ma\u010dk\u00e1n\u00ed jednotliv\u00fdch textiln\u00edch vl\u00e1ken.<\/p>\n\n\n\n<p class=\"wp-block-paragraph\">Ply\u0161ov\u00e9 koberce \u2013 U tohoto druhu koberc\u016f se setk\u00e1v\u00e1me s v\u00edce vrstvami vl\u00e1ken. Ty v horn\u00ed vrstv\u011b zvyknou b\u00fdt rozcuchan\u00e9, ale jejich v\u0161it\u00edm do spodn\u00edch vrstev se zpevn\u00ed a vytvo\u0159\u00ed jemn\u00fd povrch.<\/p>\n\n\n\n<p class=\"wp-block-paragraph\">Shaggy koberce &#8211; Jedn\u00e1 se o modely typick\u00e9 dlouh\u00fdmi vlasy, v\u011bt\u0161inou a\u017e nad 30-40 mm. Ve v\u011bt\u0161in\u011b p\u0159\u00edpad\u016f p\u016fsob\u00ed kade\u0159av\u00fdm dojmem, \u010d\u00edm\u017e vytv\u00e1\u0159\u00ed elegantn\u00ed, m\u00edsty a\u017e luxusn\u00ed vzhled.<\/p>\n\n\n\n<p class=\"wp-block-paragraph\">Druhy koberc\u016f podle materi\u00e1lu:<br>Koberce s p\u0159\u00edrodn\u00edmi vl\u00e1kny \u2013 Vl\u00e1kna p\u0159\u00edrodn\u00edch koberc\u016f se zpracov\u00e1vaj\u00ed z r\u016fzn\u00fdch materi\u00e1l\u016f. Vedle klasick\u00fdch vln\u011bn\u00fdch a bavln\u011bn\u00fdch druh\u016f se vyu\u017e\u00edv\u00e1 tak\u00e9 sisal \u010di mo\u0159sk\u00e1 tr\u00e1va. V prodeji nechyb\u00ed ani exotick\u00e9 kokosov\u00e9 a vz\u00e1cn\u00e9 hedv\u00e1bn\u00e9 kusy.<\/p>\n\n\n\n<p class=\"wp-block-paragraph\">Koberce se syntetick\u00fdmi vl\u00e1kny \u2013 Syntetick\u00e9 koberce jsou o n\u011bco m\u00e9n\u011b n\u00e1ro\u010dn\u00e9 na \u00fadr\u017ebu a nab\u00edzej\u00ed \u0161irokou \u0161k\u00e1lu designov\u00fdch proveden\u00ed. P\u0159i jejich v\u00fdrob\u011b se zvykne vyu\u017e\u00edvat polyamid, polyester nebo akryl, p\u0159\u00edpadn\u011b jejich r\u016fzn\u00e9 variace a p\u0159\u00edm\u011bsi.<\/p>\n\n\n\n<p class=\"wp-block-paragraph\">Vlastnosti vybran\u00fdch materi\u00e1l\u016f:<br>Vlna \u2013 Mezi hlavn\u00ed pozitiva t\u011bchto extra m\u011bkk\u00fdch koberc\u016f pat\u0159\u00ed jejich hebkost a schopnost h\u0159\u00e1t. Z\u00e1rove\u0148 jsou dosti odoln\u00e9 v\u016f\u010di zne\u010di\u0161t\u011bn\u00ed. V porovn\u00e1n\u00ed s jin\u00fdmi druhy jsou v\u0161ak n\u00e1ro\u010dn\u00e9 na \u00fadr\u017ebu a vzhledem k n\u011bkolika v\u00fdhod\u00e1m i podstatn\u011b dra\u017e\u0161\u00ed.<\/p>\n\n\n\n<p class=\"wp-block-paragraph\">Bavlna \u2013 U bavlny je odolnost v\u016f\u010di zne\u010di\u0161t\u011bn\u00ed v\u00fdrazn\u011b ni\u017e\u0161\u00ed. Jeliko\u017e tvo\u0159\u00ed velmi mal\u00fd pod\u00edl v\u0161ech koberc\u016f na trhu, je t\u0159eba se p\u0159ipravit i na vy\u0161\u0161\u00ed cenu. Za ni v\u0161ak dostanete m\u011bkk\u00e9 a pohodln\u00e9 koberce p\u0159\u00edjemn\u00e9 na dotek.<\/p>\n\n\n\n<p class=\"wp-block-paragraph\">Hedv\u00e1b\u00ed \u2013 Hedv\u00e1bn\u00e9 modely pat\u0159\u00ed k t\u011bm nejvz\u00e1cn\u011bj\u0161\u00edm. P\u0159i jejich v\u00fdrob\u011b se klade d\u016fraz na luxusn\u00ed vzhled s pat\u0159i\u010dn\u00fdm leskem jednotliv\u00fdch vl\u00e1ken. I v tomto p\u0159\u00edpad\u011b jde o dra\u017e\u0161\u00ed z\u00e1le\u017eitost.<\/p>\n\n\n\n<p class=\"wp-block-paragraph\">Mo\u0159sk\u00e1 tr\u00e1va \u2013 Vl\u00e1kna z mo\u0159sk\u00e9 tr\u00e1vy se osv\u011bd\u010dila zejm\u00e9na kv\u016fli sv\u00e9 jednoduch\u00e9 \u00fadr\u017eb\u011b. Plat\u00ed to hlavn\u011b p\u0159i \u010di\u0161t\u011bn\u00ed skvrn, kter\u00e9 z nich jdou sn\u00e1ze ne\u017e v p\u0159\u00edpad\u011b ostatn\u00edch materi\u00e1l\u016f. Koberce z\u00e1rove\u0148 disponuj\u00ed h\u0159ejiv\u00fdm \u00fatuln\u00fdm vzhledem vhodn\u00fdm do ka\u017ed\u00e9 m\u00edstnosti.<\/p>\n\n\n\n<p class=\"wp-block-paragraph\">Polyamid \u2013 Mezi um\u011bl\u00fdmi vl\u00e1kny p\u0159evl\u00e1d\u00e1 pr\u00e1v\u011b polyamid. Ten je zn\u00e1m dosti rychlou a levnou v\u00fdrobou, co\u017e se odr\u00e1\u017e\u00ed na n\u00edzk\u00e9 cen\u011b prod\u00e1van\u00fdch model\u016f. Mezi syntetick\u00fdmi koberci se jedn\u00e1 o jeden z nejodoln\u011bj\u0161\u00edch materi\u00e1l\u016f.<\/p>\n\n\n\n<p class=\"wp-block-paragraph\">Polyester \u2013 Vl\u00e1kna z tohoto materi\u00e1lu jsou v porovn\u00e1n\u00ed s polyamidov\u00fdmi m\u00e9n\u011b odoln\u00e1, ale jejich p\u0159ednost\u00ed jsou v\u00fdrazn\u00e9 barvy. Z\u00e1rove\u0148 je netr\u00e1p\u00ed probl\u00e9my s kr\u010den\u00edm a zacuch\u00e1n\u00edm.<\/p>\n\n\n\n<p class=\"wp-block-paragraph\">Akryl \u2013 Jedn\u00e1 se o jeden z prvn\u00edch syntetick\u00fdch materi\u00e1l\u016f vyu\u017e\u00edvan\u00fdch p\u0159i v\u00fdrob\u011b koberc\u016f. P\u016fvodn\u011b se za\u010dal uplat\u0148ovat kv\u016fli sv\u00e9 podobnosti s vlnou. Pozd\u011bji se uk\u00e1zaly jeho skv\u011bl\u00e9 vlastnosti, zejm\u00e9na \u0161irok\u00e1 designov\u00e1 variabilita \u010di odolnost v\u016f\u010di blednut\u00ed barev.<\/p>\n\n\n\n<p class=\"wp-block-paragraph\">Druh a materi\u00e1l koberce ur\u010duje jeho praktickou i estetickou str\u00e1nku. Od v\u00fdb\u011bru tak nez\u00e1vis\u00ed pouze vzhled a designov\u00e9 proveden\u00ed zvolen\u00e9ho modelu, ale tak\u00e9 jeho \u017eivotnost \u010di celkov\u00e1 n\u00e1ro\u010dnost p\u00e9\u010de o n\u011bj.<\/p>\n","protected":false},"excerpt":{"rendered":"<p>Navzdory rostouc\u00ed popt\u00e1vce po podlah\u00e1ch jsou koberce st\u00e1le mezi n\u00e1mi. Na trhu dokonce nach\u00e1z\u00edme dal\u0161\u00ed nov\u00e9 druhy. P\u0159i v\u00fdb\u011bru tak m\u00e1me otev\u0159en\u00e9 mo\u017enosti, a\u0165 u\u017e vyb\u00edr\u00e1me podle druhu nebo materi\u00e1lu. Nejvyu\u017e\u00edvan\u011bj\u0161\u00ed druhy koberc\u016f:St\u0159i\u017een\u00e9 koberce \u2013 Koberce zn\u00e1m\u00e9 tak\u00e9 pod n\u00e1zvem velurov\u00e9 se zhotovuj\u00ed prost\u0159ih\u00e1v\u00e1n\u00edm a n\u00e1sledn\u00fdm upravov\u00e1n\u00edm vl\u00e1ken, kter\u00e1 se zpev\u0148uj\u00ed uchycen\u00edm do podkladu koberce. [&hellip;]<\/p>\n","protected":false},"author":2,"featured_media":2520,"comment_status":"closed","ping_status":"closed","sticky":false,"template":"","format":"standard","meta":{"tdm_status":"","tdm_grid_status":"","footnotes":""},"categories":[14],"tags":[],"class_list":["post-2525","post","type-post","status-publish","format-standard","has-post-thumbnail","category-bydleni"],"_links":{"self":[{"href":"https:\/\/zradnice.cz\/index.php?rest_route=\/wp\/v2\/posts\/2525","targetHints":{"allow":["GET"]}}],"collection":[{"href":"https:\/\/zradnice.cz\/index.php?rest_route=\/wp\/v2\/posts"}],"about":[{"href":"https:\/\/zradnice.cz\/index.php?rest_route=\/wp\/v2\/types\/post"}],"author":[{"embeddable":true,"href":"https:\/\/zradnice.cz\/index.php?rest_route=\/wp\/v2\/users\/2"}],"replies":[{"embeddable":true,"href":"https:\/\/zradnice.cz\/index.php?rest_route=%2Fwp%2Fv2%2Fcomments&post=2525"}],"version-history":[{"count":1,"href":"https:\/\/zradnice.cz\/index.php?rest_route=\/wp\/v2\/posts\/2525\/revisions"}],"predecessor-version":[{"id":2527,"href":"https:\/\/zradnice.cz\/index.php?rest_route=\/wp\/v2\/posts\/2525\/revisions\/2527"}],"wp:featuredmedia":[{"embeddable":true,"href":"https:\/\/zradnice.cz\/index.php?rest_route=\/wp\/v2\/media\/2520"}],"wp:attachment":[{"href":"https:\/\/zradnice.cz\/index.php?rest_route=%2Fwp%2Fv2%2Fmedia&parent=2525"}],"wp:term":[{"taxonomy":"category","embeddable":true,"href":"https:\/\/zradnice.cz\/index.php?rest_route=%2Fwp%2Fv2%2Fcategories&post=2525"},{"taxonomy":"post_tag","embeddable":true,"href":"https:\/\/zradnice.cz\/index.php?rest_route=%2Fwp%2Fv2%2Ftags&post=2525"}],"curies":[{"name":"wp","href":"https:\/\/api.w.org\/{rel}","templated":true}]}}