{"id":2566,"date":"2022-07-30T15:29:37","date_gmt":"2022-07-30T13:29:37","guid":{"rendered":"https:\/\/zradnice.cz\/?p=2566"},"modified":"2022-07-30T15:29:38","modified_gmt":"2022-07-30T13:29:38","slug":"cyklopuzzle-oravska-polhora","status":"publish","type":"post","link":"https:\/\/zradnice.cz\/?p=2566","title":{"rendered":"CYKLOPUZZLE Oravsk\u00e1 Polhora"},"content":{"rendered":"\n<p class=\"wp-block-paragraph\">Jak vypl\u00fdv\u00e1 ze samotn\u00e9ho n\u00e1zvu, c\u00edlem projektu bylo pospojovat zaj\u00edmav\u00e9 atrakce nach\u00e1zej\u00edc\u00ed se v are\u00e1lu sportovn\u011b &#8211; kulturn\u00edho centra obce Oravsk\u00e1 Polhora novou cyklostezkou dopln\u011bnou o m\u00edsta pro parkov\u00e1n\u00ed, odpo\u010dinek, \u010di opravu kol v\u010detn\u011b jejich nabit\u00ed v p\u0159\u00edpad\u011b st\u00e1le popul\u00e1rn\u011bj\u0161\u00edch elektrokol.<\/p>\n\n\n\n<p class=\"wp-block-paragraph\">Prost\u0159ednictv\u00edm uskute\u010dn\u011bn\u00ed r\u016fzn\u00fdch forem mal\u00fdch vz\u00e1jemn\u011b propojen\u00fdch investi\u010dn\u00edch aktivit, kter\u00e9 z\u00e1rove\u0148 propojuj\u00ed ji\u017e existuj\u00edc\u00ed turistick\u00e9 atraktivity nach\u00e1zej\u00edc\u00ed se v are\u00e1lu tak vznikl komplexn\u00ed ucelen\u00fd produkt, kter\u00fd zp\u0159\u00edstupnil nov\u011b vybudovanou cyklostezku spojuj\u00edc\u00ed centrum obce a kulturn\u011b sportovn\u00ed are\u00e1l tematicky orientovanou na prezentaci unik\u00e1tn\u00ed slanou vodu, \u010di objekty odpa\u0159ovny a su\u0161\u00e1rny soli prezentuj\u00edc\u00ed v\u00fdznamn\u00e9 p\u0159\u00edrodn\u00ed d\u011bdictv\u00ed p\u0159\u00edhrani\u010dn\u00edho regionu nach\u00e1zej\u00edc\u00ed se ve zm\u00edn\u011bn\u00e9m are\u00e1lu.<\/p>\n\n\n\n<p class=\"wp-block-paragraph\">Sou\u010d\u00e1st\u00ed projektu je i vytvo\u0159en\u00ed nov\u00fdch spole\u010dn\u00fdch propaga\u010dn\u00edch materi\u00e1l\u016f v podob\u011b informa\u010dn\u00ed publikace a velk\u00e9 mapy s vyzna\u010den\u00edm turisticky v\u00fdznamn\u00fdch m\u00edst jak v Oravsk\u00e9 Polho\u0159e, tak v Byst\u0159ici.<\/p>\n\n\n\n<p class=\"wp-block-paragraph\">Slavnostn\u00ed ukon\u010den\u00ed projektu se uskute\u010dnilo v p\u00e1tek 29. \u010dervence 2022 za \u00fa\u010dasti z\u00e1stupc\u016f partnersk\u00e9 obce Byst\u0159ice. Cel\u00e1 v\u00fd\u0161e z\u00edskan\u00e9ho nen\u00e1vratn\u00e9ho finan\u010dn\u00edho p\u0159\u00edsp\u011bvku v r\u00e1mci Fondu mal\u00fdch projekt\u016f z Programu p\u0159eshrani\u010dn\u00ed spolupr\u00e1ce Slovensk\u00e1 republika &#8211; \u010cesk\u00e1 republika na roky 2014 &#8211; 2022 z prost\u0159edk\u016f Evropsk\u00e9ho fondu region\u00e1ln\u00edho rozvoje \u010dinila \u010d\u00e1stku 28 752,10 \u20ac EUR. Projekt byl realizov\u00e1n v m\u011bs\u00edc\u00edch kv\u011bten &#8211; \u010dervenec 2022.<\/p>\n","protected":false},"excerpt":{"rendered":"<p>Jak vypl\u00fdv\u00e1 ze samotn\u00e9ho n\u00e1zvu, c\u00edlem projektu bylo pospojovat zaj\u00edmav\u00e9 atrakce nach\u00e1zej\u00edc\u00ed se v are\u00e1lu sportovn\u011b &#8211; kulturn\u00edho centra obce Oravsk\u00e1 Polhora novou cyklostezkou dopln\u011bnou o m\u00edsta pro parkov\u00e1n\u00ed, odpo\u010dinek, \u010di opravu kol v\u010detn\u011b jejich nabit\u00ed v p\u0159\u00edpad\u011b st\u00e1le popul\u00e1rn\u011bj\u0161\u00edch elektrokol. Prost\u0159ednictv\u00edm uskute\u010dn\u011bn\u00ed r\u016fzn\u00fdch forem mal\u00fdch vz\u00e1jemn\u011b propojen\u00fdch investi\u010dn\u00edch aktivit, kter\u00e9 z\u00e1rove\u0148 propojuj\u00ed ji\u017e existuj\u00edc\u00ed [&hellip;]<\/p>\n","protected":false},"author":2,"featured_media":2567,"comment_status":"closed","ping_status":"closed","sticky":false,"template":"","format":"standard","meta":{"tdm_status":"","tdm_grid_status":"","footnotes":""},"categories":[9],"tags":[],"class_list":["post-2566","post","type-post","status-publish","format-standard","has-post-thumbnail","category-regionalni-zpravy"],"_links":{"self":[{"href":"https:\/\/zradnice.cz\/index.php?rest_route=\/wp\/v2\/posts\/2566","targetHints":{"allow":["GET"]}}],"collection":[{"href":"https:\/\/zradnice.cz\/index.php?rest_route=\/wp\/v2\/posts"}],"about":[{"href":"https:\/\/zradnice.cz\/index.php?rest_route=\/wp\/v2\/types\/post"}],"author":[{"embeddable":true,"href":"https:\/\/zradnice.cz\/index.php?rest_route=\/wp\/v2\/users\/2"}],"replies":[{"embeddable":true,"href":"https:\/\/zradnice.cz\/index.php?rest_route=%2Fwp%2Fv2%2Fcomments&post=2566"}],"version-history":[{"count":1,"href":"https:\/\/zradnice.cz\/index.php?rest_route=\/wp\/v2\/posts\/2566\/revisions"}],"predecessor-version":[{"id":2568,"href":"https:\/\/zradnice.cz\/index.php?rest_route=\/wp\/v2\/posts\/2566\/revisions\/2568"}],"wp:featuredmedia":[{"embeddable":true,"href":"https:\/\/zradnice.cz\/index.php?rest_route=\/wp\/v2\/media\/2567"}],"wp:attachment":[{"href":"https:\/\/zradnice.cz\/index.php?rest_route=%2Fwp%2Fv2%2Fmedia&parent=2566"}],"wp:term":[{"taxonomy":"category","embeddable":true,"href":"https:\/\/zradnice.cz\/index.php?rest_route=%2Fwp%2Fv2%2Fcategories&post=2566"},{"taxonomy":"post_tag","embeddable":true,"href":"https:\/\/zradnice.cz\/index.php?rest_route=%2Fwp%2Fv2%2Ftags&post=2566"}],"curies":[{"name":"wp","href":"https:\/\/api.w.org\/{rel}","templated":true}]}}