{"id":2599,"date":"2023-03-02T21:31:40","date_gmt":"2023-03-02T20:31:40","guid":{"rendered":"https:\/\/zradnice.cz\/?p=2599"},"modified":"2023-03-02T21:31:42","modified_gmt":"2023-03-02T20:31:42","slug":"na-co-se-zeptat-prvni-den-v-novem-zamestnani","status":"publish","type":"post","link":"https:\/\/zradnice.cz\/?p=2599","title":{"rendered":"Na co se zeptat prvn\u00ed&nbsp;den v&nbsp;nov\u00e9m zam\u011bstn\u00e1n\u00ed"},"content":{"rendered":"\n<p class=\"wp-block-paragraph\">P\u0159esto\u017ee na pracovn\u00edm pohovoru by se ka\u017ed\u00fd&nbsp;m\u011bl sna\u017eit kl\u00e1st dostatek ot\u00e1zek pro budouc\u00ed&nbsp;rozhodnut\u00ed&nbsp;o p\u0159ijet\u00ed \u010di nep\u0159ijet\u00ed&nbsp;<a href=\"https:\/\/www.jobsi.cz\/\"><u>voln\u00e9 pracovn\u00ed pozice<\/u><\/a>, mnoho dotaz\u016f&nbsp;z\u016fstane na pozd\u011bji, a\u017e&nbsp;se skute\u010dn\u011b&nbsp;dostanete&nbsp;\u201edo akce\u201c. Prvn\u00ed&nbsp;den v nov\u00e9m zam\u011bstn\u00e1n\u00ed&nbsp;m\u016f\u017ee b\u00fdt stresuj\u00edc\u00ed, chaotick\u00fd&nbsp;a nov\u00fdch podn\u011bt\u016f&nbsp;na v\u00e1s m\u016f\u017ee b\u00fdt zkr\u00e1tka trochu moc. Proto doporu\u010dujeme zapisovat si pozn\u00e1mky a ot\u00e1zky, kter\u00e9&nbsp;v\u00e1s budou b\u011bhem tohoto i dal\u0161\u00edch dn\u016f&nbsp;napadat. A kter\u00e9&nbsp;jsou ty podstatn\u00e9&nbsp;a z\u00e1sadn\u00ed&nbsp;n\u00e1m porad\u00ed&nbsp;<strong>spole<\/strong><strong>\u010d<\/strong><strong>nost 123jobs Media s.r.o. nejv<\/strong><strong>\u011b<\/strong><strong>t<\/strong><strong>\u0161\u00ed&nbsp;<\/strong><strong>tuzemsk<\/strong><strong>\u00fd&nbsp;<\/strong><strong>provozovatel pracovn<\/strong><strong>\u00ed<\/strong><strong>ch port<\/strong><strong>\u00e1<\/strong><strong>l<\/strong><strong>\u016f&nbsp;<\/strong><strong>a aplikac<\/strong><strong>\u00ed<\/strong>.<\/p>\n\n\n\n<p class=\"wp-block-paragraph\"><strong>Detaily ohledn<\/strong><strong>\u011b&nbsp;<\/strong><strong>re<\/strong><strong>\u017e<\/strong><strong>imu, zvyklost<\/strong><strong>\u00ed&nbsp;<\/strong><strong>a komunikace<\/strong><strong><\/strong><\/p>\n\n\n\n<p class=\"wp-block-paragraph\">Nejsp\u00ed\u0161&nbsp;u\u017e&nbsp;v\u00edte, kdy v\u00e1m kon\u010d\u00ed&nbsp;a za\u010d\u00edn\u00e1&nbsp;pracovn\u00ed&nbsp;doba a kde je vchod do kancel\u00e1\u0159e. Sv\u00e9&nbsp;informace si ale ur\u010dit\u011b&nbsp;mus\u00edte doplnit o detaily, jak\u00fdmi jsou nap\u0159\u00edklad pou\u017e\u00edv\u00e1n\u00ed&nbsp;dal\u0161\u00edch prostor\u016f&nbsp;na pracovi\u0161ti a dopl\u0148uj\u00edc\u00edho vybaven\u00ed, skladov\u00e1n\u00ed&nbsp;kancel\u00e1\u0159sk\u00fdch&nbsp;\u010di jin\u00fdch pot\u0159eb, zp\u016fsob komunikace s&nbsp;ostatn\u00edmi&nbsp;<a href=\"https:\/\/www.zirafa.cz\/\"><u>zam\u011bstnanci<\/u><\/a>&nbsp;\u010di odd\u011blen\u00edmi anebo pravidla, kter\u00e1&nbsp;plat\u00ed, kdy\u017e&nbsp;budete z&nbsp;budovy odch\u00e1zet jako posledn\u00ed. Pr\u016fb\u011b\u017en\u011b&nbsp;budete nach\u00e1zet dal\u0161\u00ed&nbsp;a dal\u0161\u00ed&nbsp;podrobnosti&nbsp;\u2013&nbsp;a doporu\u010dujeme se hned zkraje pt\u00e1t opravdu na v\u0161e.<\/p>\n\n\n\n<p class=\"wp-block-paragraph\"><strong>Seznam povinnost<\/strong><strong>\u00ed<\/strong><strong><\/strong><\/p>\n\n\n\n<p class=\"wp-block-paragraph\">I zde plat\u00ed,&nbsp;\u017ee svou n\u00e1pl\u0148&nbsp;pr\u00e1ce obecn\u011b&nbsp;zn\u00e1te, nicm\u00e9n\u011b&nbsp;konkr\u00e9tn\u00edch&nbsp;pracovn\u00edch povinnost\u00ed&nbsp;bude mnohem v\u00edce a budou spadat do v\u00edce oblast\u00ed. Abyste zejm\u00e9na zpo\u010d\u00e1tku na nic nezapom\u00ednali, op\u011bt doporu\u010dujeme sestavit si seznam a podle n\u011bj nap\u0159\u00edklad prvn\u00ed&nbsp;dva m\u011bs\u00edce v\u017edy kontrolovat jejich spln\u011bn\u00ed. M\u016f\u017eete tak\u00e9&nbsp;vyu\u017e\u00edt n\u011bkter\u00e9&nbsp;z&nbsp;elektronick\u00fdch aplikac\u00ed&nbsp;pro z\u00e1pisy&nbsp;\u00fakol\u016f \u010di kalend\u00e1\u0159&nbsp;ve va\u0161em mobiln\u00edm telefonu&nbsp;\u010di po\u010d\u00edta\u010di.<\/p>\n\n\n\n<p class=\"wp-block-paragraph\"><strong>Ot<\/strong><strong>\u00e1<\/strong><strong>zky pro kolegu<\/strong><strong><\/strong><\/p>\n\n\n\n<p class=\"wp-block-paragraph\">Jsou v\u011bci, na kter\u00e9&nbsp;se zept\u00e1te ofici\u00e1ln\u011b&nbsp;sv\u00e9ho&nbsp;\u0161\u00e9fa&nbsp;\u010di zau\u010duj\u00edc\u00ed&nbsp;osoby. Ka\u017ed\u00e1&nbsp;kancel\u00e1\u0159 \u010di jin\u00fd&nbsp;typ pracovi\u0161t\u011b&nbsp;v\u0161ak m\u00e1&nbsp;i jak\u00e1si nepsan\u00e1&nbsp;pravidla, kter\u00e1&nbsp;moment\u00e1ln\u011b&nbsp;nejsp\u00ed\u0161&nbsp;znaj\u00ed&nbsp;v\u0161ichni&nbsp;<a href=\"https:\/\/www.myjobsi.cz\/\"><u>zam\u011bstnanci<\/u><\/a>&nbsp;&nbsp;krom\u011b&nbsp;v\u00e1s. Nap\u0159\u00edklad to, v&nbsp;kolik je skute\u010dn\u011b&nbsp;vhodn\u00e9&nbsp;odch\u00e1zet dom\u016f \u2013&nbsp;ofici\u00e1ln\u00ed&nbsp;pracovn\u00ed&nbsp;doba se s&nbsp;t\u00edm ne v\u017edy mus\u00ed&nbsp;shodovat. Na tyto v\u011bci se mo\u017en\u00e1&nbsp;nebudete pt\u00e1t hned prvn\u00ed&nbsp;den, ale zjist\u011bte si je co nejd\u0159\u00edve, nejl\u00e9pe od vst\u0159\u00edcn\u00e9ho a diskr\u00e9tn\u00edho kolegy.<\/p>\n","protected":false},"excerpt":{"rendered":"<p>P\u0159esto\u017ee na pracovn\u00edm pohovoru by se ka\u017ed\u00fd&nbsp;m\u011bl sna\u017eit kl\u00e1st dostatek ot\u00e1zek pro budouc\u00ed&nbsp;rozhodnut\u00ed&nbsp;o p\u0159ijet\u00ed \u010di nep\u0159ijet\u00ed&nbsp;voln\u00e9 pracovn\u00ed pozice, mnoho dotaz\u016f&nbsp;z\u016fstane na pozd\u011bji, a\u017e&nbsp;se skute\u010dn\u011b&nbsp;dostanete&nbsp;\u201edo akce\u201c. Prvn\u00ed&nbsp;den v nov\u00e9m zam\u011bstn\u00e1n\u00ed&nbsp;m\u016f\u017ee b\u00fdt stresuj\u00edc\u00ed, chaotick\u00fd&nbsp;a nov\u00fdch podn\u011bt\u016f&nbsp;na v\u00e1s m\u016f\u017ee b\u00fdt zkr\u00e1tka trochu moc. Proto doporu\u010dujeme zapisovat si pozn\u00e1mky a ot\u00e1zky, kter\u00e9&nbsp;v\u00e1s budou b\u011bhem tohoto i dal\u0161\u00edch dn\u016f&nbsp;napadat. A [&hellip;]<\/p>\n","protected":false},"author":1,"featured_media":2600,"comment_status":"open","ping_status":"open","sticky":false,"template":"","format":"standard","meta":{"tdm_status":"","tdm_grid_status":"","footnotes":""},"categories":[1],"tags":[],"class_list":["post-2599","post","type-post","status-publish","format-standard","has-post-thumbnail","category-rady-a-navody"],"_links":{"self":[{"href":"https:\/\/zradnice.cz\/index.php?rest_route=\/wp\/v2\/posts\/2599","targetHints":{"allow":["GET"]}}],"collection":[{"href":"https:\/\/zradnice.cz\/index.php?rest_route=\/wp\/v2\/posts"}],"about":[{"href":"https:\/\/zradnice.cz\/index.php?rest_route=\/wp\/v2\/types\/post"}],"author":[{"embeddable":true,"href":"https:\/\/zradnice.cz\/index.php?rest_route=\/wp\/v2\/users\/1"}],"replies":[{"embeddable":true,"href":"https:\/\/zradnice.cz\/index.php?rest_route=%2Fwp%2Fv2%2Fcomments&post=2599"}],"version-history":[{"count":1,"href":"https:\/\/zradnice.cz\/index.php?rest_route=\/wp\/v2\/posts\/2599\/revisions"}],"predecessor-version":[{"id":2601,"href":"https:\/\/zradnice.cz\/index.php?rest_route=\/wp\/v2\/posts\/2599\/revisions\/2601"}],"wp:featuredmedia":[{"embeddable":true,"href":"https:\/\/zradnice.cz\/index.php?rest_route=\/wp\/v2\/media\/2600"}],"wp:attachment":[{"href":"https:\/\/zradnice.cz\/index.php?rest_route=%2Fwp%2Fv2%2Fmedia&parent=2599"}],"wp:term":[{"taxonomy":"category","embeddable":true,"href":"https:\/\/zradnice.cz\/index.php?rest_route=%2Fwp%2Fv2%2Fcategories&post=2599"},{"taxonomy":"post_tag","embeddable":true,"href":"https:\/\/zradnice.cz\/index.php?rest_route=%2Fwp%2Fv2%2Ftags&post=2599"}],"curies":[{"name":"wp","href":"https:\/\/api.w.org\/{rel}","templated":true}]}}