{"id":2609,"date":"2023-03-29T22:52:21","date_gmt":"2023-03-29T20:52:21","guid":{"rendered":"https:\/\/zradnice.cz\/?p=2609"},"modified":"2023-03-29T22:52:23","modified_gmt":"2023-03-29T20:52:23","slug":"padani-vlasu-u-zen-alopecie","status":"publish","type":"post","link":"https:\/\/zradnice.cz\/?p=2609","title":{"rendered":"Pad\u00e1n\u00ed vlas\u016f u \u017een &#8211; alopecie"},"content":{"rendered":"\n<p class=\"wp-block-paragraph\">\u017deny se v\u0161ak nej\u010dast\u011bji se zv\u00fd\u0161en\u00fdm&nbsp;vypad\u00e1v\u00e1n\u00edm vlas\u016f setkaj\u00ed po porodu. Toto je zp\u016fsobeno tak\u00e9 t\u00edm, \u017ee b\u011bhem t\u011bhotenstv\u00ed vlivem hormon\u016f vlasy padaj\u00ed m\u00e9n\u011b, po porodu se ale stav vrac\u00ed k&nbsp;norm\u00e1lu. Mnoho \u017een si tak v\u0161imne, \u017ee jejich k\u0161tice je m\u00e9n\u011b bohat\u00e1 ne\u017e v&nbsp;t\u011bhotenstv\u00ed, co\u017e je nav\u00edc umocn\u011bno poporodn\u00edm vypad\u00e1v\u00e1n\u00edm vlas\u016f, kter\u00e9 se u v\u011bt\u0161iny \u017een objevuje 2 a\u017e 3 m\u011bs\u00edce po porodu. Nicm\u00e9n\u011b do \u0161esti a\u017e dev\u00edti m\u011bs\u00edc\u016f v\u011bku d\u00edt\u011bte by se vlasy m\u011bly vr\u00e1tit ke sv\u00e9 p\u016fvodn\u00ed hustot\u011b nebo m\u016f\u017eete vyu\u017e\u00edt slu\u017eeb <a href=\"https:\/\/www.mikropigmentace-vlasu.cz\/\">tetov\u00e1n\u00ed vlas\u016f<\/a>.<\/p>\n\n\n\n<p class=\"wp-block-paragraph\">Pokud vlasy rovnom\u011brn\u011b vypad\u00e1vaj\u00ed po cel\u00e9 hlav\u011b, mluv\u00edme o dif\u00fazn\u00ed alopecii. Ta se nevyh\u00fdb\u00e1 mu\u017e\u016fm, \u017eeny ale postihuje \u010dast\u011bji. D\u016fvodem mohou b\u00fdt hormon\u00e1ln\u00ed zm\u011bny, nedostatek vitam\u00edn\u016f a miner\u00e1l\u016f ve strav\u011b, ne\u017e\u00e1douc\u00ed \u00fa\u010dinek l\u00e9k\u016f nebo chronick\u00e1 nemoc. Dobrou zpr\u00e1vou nicm\u00e9n\u011b je, \u017ee dif\u00fazn\u00ed alopecie je v&nbsp;mnoha p\u0159\u00edpadech pouze do\u010dasn\u00e1.<\/p>\n\n\n\n<p class=\"wp-block-paragraph\">V&nbsp;p\u0159\u00edpad\u011b alopecie areata (lo\u017eiskov\u00e9) vypad\u00e1vaj\u00ed vlasy v&nbsp;jednom nebo v\u00edce ohrani\u010den\u00fdch lo\u017eisk\u00e1ch. P\u0159i tomto typu alopecie mohou vlasy vypad\u00e1vat spolu s&nbsp;t\u011blesn\u00fdm ochlupen\u00edm. Zde m\u016f\u017eeme mluvit o tom, \u017ee pohlav\u00ed nen\u00ed rozhoduj\u00edc\u00edm faktorem a tato alopecie &#8211; <a href=\"https:\/\/www.smpstudio.cz\/\">tetov\u00e1n\u00ed vlas\u016f<\/a> postihuje mu\u017ee i \u017eeny. Jedn\u00e1 se o autoimunitn\u00ed onemocn\u011bn\u00ed, kdy imunitn\u00ed syst\u00e9m t\u011bla za\u010dne napadat vlasov\u00e9 bu\u0148ky, a to m\u00e1 za n\u00e1sledek vypad\u00e1v\u00e1n\u00ed vlas\u016f.<\/p>\n\n\n\n<p class=\"wp-block-paragraph\"><strong>Pad\u00e1n\u00ed vlas\u016f je v&nbsp;mnoha p\u0159\u00edpadech \u0159e\u0161iteln\u00fd probl<\/strong><strong>\u00e9<\/strong><strong>m<\/strong><\/p>\n\n\n\n<p class=\"wp-block-paragraph\">Je tedy pravdou, \u017ee vypad\u00e1v\u00e1n\u00edm vlas\u016f trp\u00ed v\u00edc mu\u017ei. Jak je ale pops\u00e1no v\u00fd\u0161e, z\u00e1le\u017e\u00ed tak\u00e9 na druhu alopecie a dal\u0161\u00edch faktorech.<\/p>\n\n\n\n<p class=\"wp-block-paragraph\">Pad\u00e1n\u00ed vlas\u016f m\u00e1 \u010dasto \u0159e\u0161en\u00ed, minim\u00e1ln\u011b ho m\u016f\u017eeme zpomalit t\u00edm, \u017ee zajist\u00edme st\u00e1vaj\u00edc\u00edmu vlasov\u00e9mu porostu v\u00fd\u017eivu a spr\u00e1vnou p\u00e9\u010di. \u017diviny m\u016f\u017eeme vlas\u016fm krom\u011b stravy dodat i speci\u00e1ln\u00ed k\u00farou z&nbsp;l\u00e9k\u00e1rny. D\u016fle\u017eit\u00e1 je i \u0161etrn\u00e1 p\u00e9\u010de, pou\u017e\u00edv\u00e1n\u00ed kvalitn\u00edch barev na vlasy, pravideln\u00e9 zast\u0159ihov\u00e1n\u00ed, vhodn\u00e1 vlasov\u00e1 kosmetika nebo <a href=\"https:\/\/www.smp-mikropigmentace.cz\/\">tetov\u00e1n\u00ed vlas\u016f<\/a>. B\u011bhem myt\u00ed se doporu\u010duje poko\u017eku hlavy jemn\u011b mas\u00edrovat. Mas\u00e1\u017e m\u00e1 za n\u00e1sledek lep\u0161\u00ed prokrven\u00ed a zdrav\u011bj\u0161\u00ed poko\u017eku hlavy, kter\u00e1 se projev\u00ed i na vzhledu vlas\u016f.<\/p>\n","protected":false},"excerpt":{"rendered":"<p>\u017deny se v\u0161ak nej\u010dast\u011bji se zv\u00fd\u0161en\u00fdm&nbsp;vypad\u00e1v\u00e1n\u00edm vlas\u016f setkaj\u00ed po porodu. Toto je zp\u016fsobeno tak\u00e9 t\u00edm, \u017ee b\u011bhem t\u011bhotenstv\u00ed vlivem hormon\u016f vlasy padaj\u00ed m\u00e9n\u011b, po porodu se ale stav vrac\u00ed k&nbsp;norm\u00e1lu. Mnoho \u017een si tak v\u0161imne, \u017ee jejich k\u0161tice je m\u00e9n\u011b bohat\u00e1 ne\u017e v&nbsp;t\u011bhotenstv\u00ed, co\u017e je nav\u00edc umocn\u011bno poporodn\u00edm vypad\u00e1v\u00e1n\u00edm vlas\u016f, kter\u00e9 se u v\u011bt\u0161iny \u017een [&hellip;]<\/p>\n","protected":false},"author":1,"featured_media":2610,"comment_status":"open","ping_status":"open","sticky":false,"template":"","format":"standard","meta":{"tdm_status":"","tdm_grid_status":"","footnotes":""},"categories":[1],"tags":[],"class_list":["post-2609","post","type-post","status-publish","format-standard","has-post-thumbnail","category-rady-a-navody"],"_links":{"self":[{"href":"https:\/\/zradnice.cz\/index.php?rest_route=\/wp\/v2\/posts\/2609","targetHints":{"allow":["GET"]}}],"collection":[{"href":"https:\/\/zradnice.cz\/index.php?rest_route=\/wp\/v2\/posts"}],"about":[{"href":"https:\/\/zradnice.cz\/index.php?rest_route=\/wp\/v2\/types\/post"}],"author":[{"embeddable":true,"href":"https:\/\/zradnice.cz\/index.php?rest_route=\/wp\/v2\/users\/1"}],"replies":[{"embeddable":true,"href":"https:\/\/zradnice.cz\/index.php?rest_route=%2Fwp%2Fv2%2Fcomments&post=2609"}],"version-history":[{"count":1,"href":"https:\/\/zradnice.cz\/index.php?rest_route=\/wp\/v2\/posts\/2609\/revisions"}],"predecessor-version":[{"id":2611,"href":"https:\/\/zradnice.cz\/index.php?rest_route=\/wp\/v2\/posts\/2609\/revisions\/2611"}],"wp:featuredmedia":[{"embeddable":true,"href":"https:\/\/zradnice.cz\/index.php?rest_route=\/wp\/v2\/media\/2610"}],"wp:attachment":[{"href":"https:\/\/zradnice.cz\/index.php?rest_route=%2Fwp%2Fv2%2Fmedia&parent=2609"}],"wp:term":[{"taxonomy":"category","embeddable":true,"href":"https:\/\/zradnice.cz\/index.php?rest_route=%2Fwp%2Fv2%2Fcategories&post=2609"},{"taxonomy":"post_tag","embeddable":true,"href":"https:\/\/zradnice.cz\/index.php?rest_route=%2Fwp%2Fv2%2Ftags&post=2609"}],"curies":[{"name":"wp","href":"https:\/\/api.w.org\/{rel}","templated":true}]}}