{"id":2614,"date":"2023-04-12T21:14:43","date_gmt":"2023-04-12T19:14:43","guid":{"rendered":"https:\/\/zradnice.cz\/?p=2614"},"modified":"2023-07-03T09:13:52","modified_gmt":"2023-07-03T07:13:52","slug":"objevte-nabytek-ktery-projasni-vas-interier-at-uz-zijete-v-byte-ci-dome","status":"publish","type":"post","link":"https:\/\/zradnice.cz\/?p=2614","title":{"rendered":"Objevte n\u00e1bytek, kter\u00fd projasn\u00ed v\u00e1\u0161 interi\u00e9r, a\u0165 u\u017e \u017eijete v\u00a0byt\u011b \u010di dom\u011b"},"content":{"rendered":"\n<p class=\"wp-block-paragraph\"><strong>V&nbsp;m\u00edstnostech, kter\u00e9 jsou orientov\u00e1ny na severn\u00ed sv\u011btovou stranu, ale tak\u00e9 v&nbsp;pokoj\u00edch, kter\u00e9 maj\u00ed mal\u00e9 okna \u010di jsou p\u0159\u00edli\u0161 tmav\u011b vymalov\u00e1ny a za\u0159\u00edzeny, m\u016f\u017eeme poci\u0165ovat nedostatek sv\u011btla. N\u011bkde je to jen n\u00e1\u0161 pocit, n\u011bkde to tak skute\u010dn\u011b je. V&nbsp;ka\u017ed\u00e9m p\u0159\u00edpad\u011b je v&nbsp;takov\u00fdch pokoj\u00edch v\u011bt\u0161\u00ed p\u0159edpoklad, \u017ee se budete c\u00edtit smutn\u011b a z&nbsp;dlouhodob\u00e9ho pohledu v\u00e1m mohou dokonce p\u0159ivodit depresi. Je proto dobr\u00e9 pokoje projasnit v\u00fdmalbou nebo n\u00e1bytkem. Kter\u00fdm? Nechte si poradit.<\/strong><\/p>\n\n\n\n<h2 class=\"wp-block-heading\">\u00da\u017easn\u00e9, kr\u00e1sn\u00e9 a praktick\u00e9 b\u00edl\u00e9 komody<\/h2>\n\n\n\n<p class=\"wp-block-paragraph\">Je skv\u011bl\u00e9, \u017ee byly vynalezeny <a href=\"https:\/\/www.sg-nabytek.cz\/cs\/bile-komody\">b\u00edl\u00e9 komody<\/a>. Ocen\u00edte je hned, jak si je po\u0159\u00edd\u00edte a um\u00edst\u00edte do m\u00edstnosti. Nejen\u017ee opticky nezat\u00ed\u017e\u00ed ani malou m\u00edstnost, ale d\u00edky b\u00edl\u00e9 barv\u011b j\u00ed prop\u016fj\u010d\u00ed pocit jasnosti, veselosti a odleh\u010den\u00ed. Kdy\u017e nav\u00edc na d\u0159ev\u011bnou podlahu um\u00edst\u00edte i sv\u011btlej\u0161\u00ed kusov\u00fd koberec, \u017elut\u00fd gau\u010d nebo t\u0159eba k\u0159eslo \u201eu\u0161\u00e1k\u201c, r\u00e1zem bude i z\u00a0mal\u00e9 a nep\u0159\u00edli\u0161 sv\u011btl\u00e9 m\u00edstnosti jasn\u011bj\u0161\u00ed prostor.<\/p>\n\n\n\n<h2 class=\"wp-block-heading\">Velk\u00e9 zrcadlo do koupelny<\/h2>\n\n\n\n<p class=\"wp-block-paragraph\">V\u00a0koupeln\u011b zase projasn\u011bn\u00ed zajist\u00ed jak u\u017e zm\u00edn\u011bn\u00fd b\u00edl\u00fd n\u00e1bytek, tak i zrcadlo. <a href=\"https:\/\/www.sg-nabytek.cz\/cs\/zrcadla-do-koupelny\">Zrcadla do koupelny<\/a> mohou m\u00edt r\u00e1m s\u00a0poli\u010dkou po stran\u00e1ch, tak\u00e9 \u00falo\u017en\u00fd prostor v\u00a0poli\u010dce ukryt\u00e9 za zrcadlem nebo vedle n\u011bj. Pokud m\u00e1te r\u00e1di nordic styl, kter\u00fd je te\u010f velmi trendy, po\u0159i\u010fte si do koupelny naprosto jednoduch\u00e9 zrcadlo s\u00a0d\u0159ev\u011bn\u00fdm r\u00e1mem. Je ale pot\u0159eba po\u010d\u00edtat s\u00a0t\u00edm, \u017ee kart\u00e1\u010dky na zuby, l\u00ed\u010didla i v\u0161e jin\u00e9, co jste si n\u011bkdy mo\u017en\u00e1 ukl\u00e1dali na zrcadlo nebo do n\u011bj, budete d\u00e1vat do poli\u010dky. S\u00a0tou je t\u0159eba po\u010d\u00edtat. Ov\u0161em zrcadlo vnese do koupelny lesk, a t\u00edm optick\u00e9 projasn\u011bn\u00ed. Skv\u011bl\u00e9 jsou i zrcadla volen\u00e1 na m\u00edru, kdy jsou um\u00edst\u011bny do koutu v\u00a0koupeln\u011b a sv\u00edraj\u00ed prav\u00fd \u00fahel. T\u00edm opticky m\u00edstnost zv\u011bt\u0161\u00ed.<\/p>\n\n\n\n<h2 class=\"wp-block-heading\">Patrov\u00e9 postele nemus\u00ed p\u016fsobit monstr\u00f3zn\u011b<\/h2>\n\n\n\n<p class=\"wp-block-paragraph\">Stejn\u011b tak m\u016f\u017eete do d\u011btsk\u00e9ho pokoje volit <a href=\"https:\/\/www.sg-nabytek.cz\/cs\/patrove-postele\">patrov\u00e9 postele<\/a> ve sv\u011btl\u00fdch barv\u00e1ch. T\u00edm dojde k\u00a0rozz\u00e1\u0159en\u00ed i mal\u00e9ho tmav\u00e9ho pokoj\u00ed\u010dku.\u00a0<\/p>\n\n\n\n<p class=\"wp-block-paragraph\">Pod\u00edvejte se na hezk\u00fd a modern\u00ed n\u00e1bytek do ka\u017ed\u00e9ho interi\u00e9ru na Signal-nabytek.cz. D\u00edky vysok\u00fdm slev\u00e1m i v\u00fdhodn\u00e9 doprav\u011b je dostupn\u00fd pro ka\u017ed\u00e9ho.<\/p>\n","protected":false},"excerpt":{"rendered":"<p>V&nbsp;m\u00edstnostech, kter\u00e9 jsou orientov\u00e1ny na severn\u00ed sv\u011btovou stranu, ale tak\u00e9 v&nbsp;pokoj\u00edch, kter\u00e9 maj\u00ed mal\u00e9 okna \u010di jsou p\u0159\u00edli\u0161 tmav\u011b vymalov\u00e1ny a za\u0159\u00edzeny, m\u016f\u017eeme poci\u0165ovat nedostatek sv\u011btla. N\u011bkde je to jen n\u00e1\u0161 pocit, n\u011bkde to tak skute\u010dn\u011b je. V&nbsp;ka\u017ed\u00e9m p\u0159\u00edpad\u011b je v&nbsp;takov\u00fdch pokoj\u00edch v\u011bt\u0161\u00ed p\u0159edpoklad, \u017ee se budete c\u00edtit smutn\u011b a z&nbsp;dlouhodob\u00e9ho pohledu v\u00e1m mohou dokonce [&hellip;]<\/p>\n","protected":false},"author":1,"featured_media":2615,"comment_status":"open","ping_status":"open","sticky":false,"template":"","format":"standard","meta":{"tdm_status":"","tdm_grid_status":"","footnotes":""},"categories":[14],"tags":[],"class_list":["post-2614","post","type-post","status-publish","format-standard","has-post-thumbnail","category-bydleni"],"_links":{"self":[{"href":"https:\/\/zradnice.cz\/index.php?rest_route=\/wp\/v2\/posts\/2614","targetHints":{"allow":["GET"]}}],"collection":[{"href":"https:\/\/zradnice.cz\/index.php?rest_route=\/wp\/v2\/posts"}],"about":[{"href":"https:\/\/zradnice.cz\/index.php?rest_route=\/wp\/v2\/types\/post"}],"author":[{"embeddable":true,"href":"https:\/\/zradnice.cz\/index.php?rest_route=\/wp\/v2\/users\/1"}],"replies":[{"embeddable":true,"href":"https:\/\/zradnice.cz\/index.php?rest_route=%2Fwp%2Fv2%2Fcomments&post=2614"}],"version-history":[{"count":2,"href":"https:\/\/zradnice.cz\/index.php?rest_route=\/wp\/v2\/posts\/2614\/revisions"}],"predecessor-version":[{"id":2638,"href":"https:\/\/zradnice.cz\/index.php?rest_route=\/wp\/v2\/posts\/2614\/revisions\/2638"}],"wp:featuredmedia":[{"embeddable":true,"href":"https:\/\/zradnice.cz\/index.php?rest_route=\/wp\/v2\/media\/2615"}],"wp:attachment":[{"href":"https:\/\/zradnice.cz\/index.php?rest_route=%2Fwp%2Fv2%2Fmedia&parent=2614"}],"wp:term":[{"taxonomy":"category","embeddable":true,"href":"https:\/\/zradnice.cz\/index.php?rest_route=%2Fwp%2Fv2%2Fcategories&post=2614"},{"taxonomy":"post_tag","embeddable":true,"href":"https:\/\/zradnice.cz\/index.php?rest_route=%2Fwp%2Fv2%2Ftags&post=2614"}],"curies":[{"name":"wp","href":"https:\/\/api.w.org\/{rel}","templated":true}]}}