{"id":2628,"date":"2023-04-28T22:49:32","date_gmt":"2023-04-28T20:49:32","guid":{"rendered":"https:\/\/zradnice.cz\/?p=2628"},"modified":"2023-04-28T22:49:33","modified_gmt":"2023-04-28T20:49:33","slug":"stolujte-v-prirodnim-duchu-staci-mit-drevene-misky-pribory-a-dalsi-vybaveni","status":"publish","type":"post","link":"https:\/\/zradnice.cz\/?p=2628","title":{"rendered":"Stolujte v\u00a0p\u0159\u00edrodn\u00edm duchu. Sta\u010d\u00ed m\u00edt d\u0159ev\u011bn\u00e9 misky, p\u0159\u00edbory a dal\u0161\u00ed vybaven\u00ed"},"content":{"rendered":"\n<p class=\"wp-block-paragraph\">L\u00edb\u00ed se v\u00e1m skandin\u00e1vsk\u00fd styl v&nbsp;dom\u00e1cnosti? M\u00e1te doma j\u00eddeln\u00ed st\u016fl z&nbsp;masivu, stejn\u011b jako d\u0159ev\u011bn\u00e9 j\u00eddeln\u00ed \u017eidle? Jestli\u017ee m\u00e1te k&nbsp;p\u0159\u00edrod\u011b a p\u0159\u00edrodn\u00edm materi\u00e1l\u016fm bl\u00edzko, jist\u011b se v\u00e1m bude zamlouvat zbo\u017e\u00ed z&nbsp;e-shopu Amadea.cz. Najdete zde \u010desk\u00e9 v\u00fdrobky, kter\u00e9 ozdob\u00ed v\u00e1s, nap\u0159. d\u0159ev\u011bn\u00e9 \u0161perky, v\u00e1\u0161 d\u016fm, jako t\u0159eba <a href=\"https:\/\/www.amadea.cz\/kvetinace-a-truhliky\/\">d\u0159ev\u011bn\u00e9 truhl\u00edky<\/a>, nebo d\u0159ev\u011bn\u00e9 dekorace \u010di pot\u0159eby do kuchyn\u011b a j\u00eddelny.<\/p>\n\n\n\n<h2 class=\"wp-block-heading\">D\u0159ev\u011bn\u00e9 podnosy, krabi\u010dky, d\u00f3zy i boxy<\/h2>\n\n\n\n<p class=\"wp-block-paragraph\">Po \u010das cel\u00e9ho roku m\u016f\u017eete \u010dasto pou\u017e\u00edvat nap\u0159. <a href=\"https:\/\/www.amadea.cz\/podnos-kulaty-s-vygravirovanou-mandalou--delka-30-cm--cesky-vyrobek\/\">d\u0159ev\u011bn\u00fd podnos<\/a>. K&nbsp;dost\u00e1n\u00ed jsou modely kulat\u00e9 i obd\u00e9ln\u00edkov\u00e9, s&nbsp;\u00fachyty nebo bez \u00fachyt\u016f, zdoben\u00e9 mnoha technikami, v&nbsp;proveden\u00ed sv\u011btl\u00e9m i tmav\u0161\u00edm atd. Spr\u00e1vn\u00fd podnos si tak vybere ka\u017ed\u00fd z\u00e1jemce, a\u0165 u\u017e chce jednoduchou kaliku nebo zdoben\u00fd a zaj\u00edmav\u011b vypadaj\u00edc\u00ed kousek.<\/p>\n\n\n\n<p class=\"wp-block-paragraph\">L\u00edbit by se v\u00e1m mohl nap\u0159. kulat\u00fd podnos s&nbsp;grav\u00edrovanou mandalou. Jeho pr\u016fm\u011br je 30 cm, jde o \u010desk\u00fd v\u00fdrobek a k&nbsp;v\u00fdrob\u011b bylo pou\u017eito d\u0159evo z&nbsp;masivn\u00edho bukov\u00e9ho d\u0159eva. V\u00e1\u017e\u00ed 0,6 kg, u\u017e s\u00e1m o sob\u011b je z\u00e1rukou, \u017ee se v\u00e1m chl\u00e9b \u010di cokoli jin\u00e9, co na n\u011bj um\u00edst\u00edte, budou v\u00fdborn\u011b p\u0159en\u00e1\u0161et.<\/p>\n\n\n\n<p class=\"wp-block-paragraph\">M\u00e1te doma milovn\u00edka fotbalu? Pak se pod\u00edvejte na d\u0159ev\u011bn\u00fd podnos s&nbsp;nerezov\u00fdmi \u00fachyty ve tvaru fotbalov\u00e9ho h\u0159i\u0161t\u011b. Vypad\u00e1 dokonale a j\u00edzd se z&nbsp;n\u011bj bude b\u00e1je\u010dn\u011b nejednomu klukovi \u010di mu\u017ei v&nbsp;nejlep\u0161\u00edch letech.<\/p>\n\n\n\n<h2 class=\"wp-block-heading\">P\u0159\u00edbory do d\u0159ev\u011bn\u00e9ho soudku<\/h2>\n\n\n\n<p class=\"wp-block-paragraph\">Designov\u011b poveden\u00fd je i d\u0159ev\u011bn\u00fd stojan na p\u0159\u00edbory z&nbsp;masivn\u00edho d\u0159eva. Jedn\u00e1 se o takov\u00fd p\u0159\u00edborn\u00edk, kter\u00fd nezabere mnoho m\u00edsta. A aby toho nebylo m\u00e1lo, Amadea.cz nab\u00edz\u00ed i <a href=\"https:\/\/www.amadea.cz\/varecky_pribory_obracecky\/\">d\u0159ev\u011bn\u00e9 p\u0159\u00edbory<\/a>. V\u0161e m\u016f\u017eete m\u00edt stylov\u011b d\u0159ev\u011bn\u00e9, p\u0159\u00edrodn\u00ed, ekologick\u00e9, v&nbsp;souladu s&nbsp;obnoviteln\u00fdmi zdroji a \u0161etrn\u00fdm \u017eivotn\u00edm stylem.&nbsp;<\/p>\n\n\n\n<p class=\"wp-block-paragraph\">Z&nbsp;d\u0159ev\u011bn\u00fdch misek s&nbsp;d\u0159ev\u011bn\u00fdm p\u0159\u00edborem se b\u00e1je\u010dn\u011b j\u00ed, stejn\u011b jako v\u00e1m skv\u011ble poslou\u017e\u00ed d\u0159ev\u011bn\u00fd hmo\u017ed\u00ed\u0159, lis na \u010desnek, nab\u011bra\u010dka \u010di t\u0159eba obrace\u010dka na sma\u017een\u00ed.&nbsp;<\/p>\n\n\n\n<p class=\"wp-block-paragraph\">Pod\u00edvejte se na kvalitn\u00ed \u010desk\u00e9 zbo\u017e\u00ed na Amadea.cz. Budete mile p\u0159ekvapeni kr\u00e1sn\u00fdm designem i n\u00edzk\u00fdmi cenami.<\/p>\n","protected":false},"excerpt":{"rendered":"<p>L\u00edb\u00ed se v\u00e1m skandin\u00e1vsk\u00fd styl v&nbsp;dom\u00e1cnosti? M\u00e1te doma j\u00eddeln\u00ed st\u016fl z&nbsp;masivu, stejn\u011b jako d\u0159ev\u011bn\u00e9 j\u00eddeln\u00ed \u017eidle? Jestli\u017ee m\u00e1te k&nbsp;p\u0159\u00edrod\u011b a p\u0159\u00edrodn\u00edm materi\u00e1l\u016fm bl\u00edzko, jist\u011b se v\u00e1m bude zamlouvat zbo\u017e\u00ed z&nbsp;e-shopu Amadea.cz. Najdete zde \u010desk\u00e9 v\u00fdrobky, kter\u00e9 ozdob\u00ed v\u00e1s, nap\u0159. d\u0159ev\u011bn\u00e9 \u0161perky, v\u00e1\u0161 d\u016fm, jako t\u0159eba d\u0159ev\u011bn\u00e9 truhl\u00edky, nebo d\u0159ev\u011bn\u00e9 dekorace \u010di pot\u0159eby do kuchyn\u011b a [&hellip;]<\/p>\n","protected":false},"author":1,"featured_media":2629,"comment_status":"open","ping_status":"open","sticky":false,"template":"","format":"standard","meta":{"tdm_status":"","tdm_grid_status":"","footnotes":""},"categories":[1],"tags":[],"class_list":["post-2628","post","type-post","status-publish","format-standard","has-post-thumbnail","category-rady-a-navody"],"_links":{"self":[{"href":"https:\/\/zradnice.cz\/index.php?rest_route=\/wp\/v2\/posts\/2628","targetHints":{"allow":["GET"]}}],"collection":[{"href":"https:\/\/zradnice.cz\/index.php?rest_route=\/wp\/v2\/posts"}],"about":[{"href":"https:\/\/zradnice.cz\/index.php?rest_route=\/wp\/v2\/types\/post"}],"author":[{"embeddable":true,"href":"https:\/\/zradnice.cz\/index.php?rest_route=\/wp\/v2\/users\/1"}],"replies":[{"embeddable":true,"href":"https:\/\/zradnice.cz\/index.php?rest_route=%2Fwp%2Fv2%2Fcomments&post=2628"}],"version-history":[{"count":1,"href":"https:\/\/zradnice.cz\/index.php?rest_route=\/wp\/v2\/posts\/2628\/revisions"}],"predecessor-version":[{"id":2630,"href":"https:\/\/zradnice.cz\/index.php?rest_route=\/wp\/v2\/posts\/2628\/revisions\/2630"}],"wp:featuredmedia":[{"embeddable":true,"href":"https:\/\/zradnice.cz\/index.php?rest_route=\/wp\/v2\/media\/2629"}],"wp:attachment":[{"href":"https:\/\/zradnice.cz\/index.php?rest_route=%2Fwp%2Fv2%2Fmedia&parent=2628"}],"wp:term":[{"taxonomy":"category","embeddable":true,"href":"https:\/\/zradnice.cz\/index.php?rest_route=%2Fwp%2Fv2%2Fcategories&post=2628"},{"taxonomy":"post_tag","embeddable":true,"href":"https:\/\/zradnice.cz\/index.php?rest_route=%2Fwp%2Fv2%2Ftags&post=2628"}],"curies":[{"name":"wp","href":"https:\/\/api.w.org\/{rel}","templated":true}]}}