{"id":2635,"date":"2023-05-25T00:42:18","date_gmt":"2023-05-24T22:42:18","guid":{"rendered":"https:\/\/zradnice.cz\/?p=2635"},"modified":"2023-05-25T00:42:18","modified_gmt":"2023-05-24T22:42:18","slug":"deprese-jako-nemoc","status":"publish","type":"post","link":"https:\/\/zradnice.cz\/?p=2635","title":{"rendered":"Deprese jako nemoc"},"content":{"rendered":"\n<p class=\"wp-block-paragraph\">Opravdov\u00e1 deprese je pro \u010dlov\u011bka velmi skli\u010duj\u00edc\u00ed a ni\u010div\u00e1. St\u0159\u00edd\u00e1n\u00ed n\u00e1lad stejn\u011b jako ob\u010dasn\u00fd \u00fabytek energie nebo skleslost pat\u0159\u00ed k&nbsp;b\u011b\u017en\u00e9 sou\u010d\u00e1sti na\u0161eho \u017eivota a pova\u017eujeme to za zcela norm\u00e1ln\u00ed. Podle \u010deho v\u0161ak m\u016f\u017eeme poznat skute\u010dnou klinickou depresi?<\/p>\n\n\n\n<p class=\"wp-block-paragraph\"><strong>Nemoc t\u011bla<\/strong><\/p>\n\n\n\n<p class=\"wp-block-paragraph\">Deprese se \u0159ad\u00ed k&nbsp;v\u00e1\u017en\u00fdm psychick\u00fdm onemocn\u011bn\u00edm, kter\u00e9 si zasluhuj\u00ed pozornost stejn\u011b jako jin\u00e9 onemocn\u011bn\u00ed. V&nbsp;p\u0159\u00edpad\u011b, \u017ee deprese z\u016fstane nel\u00e9\u010dena, sama rozhodn\u011b neodezn\u00ed a jak\u00e1koli samol\u00e9\u010dba je na ni kr\u00e1tk\u00e1.<\/p>\n\n\n\n<p class=\"wp-block-paragraph\">Deprese je porucha n\u00e1lady, kter\u00e1 dlouhodob\u011b zasahuje a limituje <a href=\"https:\/\/www.digitalnizpravodaj.cz\/\">b\u011b\u017en\u00fd \u017eivot<\/a> \u010dlov\u011bka.&nbsp; Pokud pozorujeme ztr\u00e1tu n\u00e1lady d\u00e9le ne\u017e dva t\u00fddny, hovo\u0159\u00ed <a href=\"https:\/\/www.tipmedia.cz\/\">odborn\u00edci<\/a> o depresi. Z&nbsp;hlediska fyzick\u00e9ho zdrav\u00ed pro\u017e\u00edv\u00e1 nemocn\u00fd velkou \u00fanavu, \u00fabytek energie a neschopnost zvl\u00e1dat b\u011b\u017en\u00e9 denn\u00ed \u010dinnosti. Motorika i pohyb je obt\u00ed\u017en\u011bj\u0161\u00ed, my\u0161len\u00ed je nepru\u017en\u00e9 a jedinec se dok\u00e1\u017ee pouze velmi t\u011b\u017ece zkoncentrovat. P\u0159eva\u017euj\u00ed pesimistick\u00e9 my\u0161lenky a sebed\u016fv\u011bra kles\u00e1 hluboko do propasti.<\/p>\n\n\n\n<p class=\"wp-block-paragraph\"><strong>Pozvolna &nbsp;a pl\u00ed\u017eiv\u011b<\/strong><\/p>\n\n\n\n<p class=\"wp-block-paragraph\">P\u0159\u00edznaky deprese mohou m\u00edt r\u016fzn\u00fd charakter a podle toho je rozli\u0161ov\u00e1na m\u00edra deprese. M\u00edrn\u00e1 nebo lehk\u00e1 deprese se m\u016f\u017ee vyskytovat u jedinc\u016f, kte\u0159\u00ed jsou sice depresivn\u00ed, ale zvl\u00e1daj\u00ed pracovat, studovat a starat se o <a href=\"https:\/\/www.trendmag.cz\/\">rodinu<\/a>. L\u00e9\u010dba t\u00e9to formy deprese m\u016f\u017ee prob\u00edhat ambulantn\u011b.<\/p>\n\n\n\n<p class=\"wp-block-paragraph\">St\u0159edn\u011b t\u011b\u017ek\u00e1 deprese je charakteristick\u00e1 omezen\u00edm zapojen\u00edm v&nbsp;<a href=\"https:\/\/www.expertmag.cz\/\">pracovn\u00edm procesu<\/a>. Posti\u017een\u00fd b\u00fdv\u00e1 velmi vy\u010derpan\u00fd a nezvl\u00e1d\u00e1 chodit do pr\u00e1ce. Mohou se objevit tak\u00e9 sexu\u00e1ln\u00ed dysfunkce a pot\u00ed\u017ee se zvl\u00e1d\u00e1n\u00edm ka\u017edodenn\u00edch b\u011b\u017en\u00fdch \u010dinnost\u00ed (nap\u0159. p\u0159\u00edprava j\u00eddla, obl\u00e9k\u00e1n\u00ed, \u00faprava zevn\u011bj\u0161ku apod.). Posti\u017een\u00fd v\u011bt\u0161inou poci\u0165uje zoufalstv\u00ed bezmoc.<\/p>\n\n\n\n<p class=\"wp-block-paragraph\">T\u011b\u017ek\u00e1 deprese se \u0159ad\u00ed mezi velmi z\u00e1va\u017en\u00fd psychick\u00fd stav projevuj\u00edc\u00ed se prohlouben\u00edm \u0161patn\u00e9 n\u00e1lady. Posti\u017een\u00fd je a\u017e apatick\u00fd a zanedb\u00e1v\u00e1 p\u00e9\u010di o svoji osobu. Mohou se objevovat <a href=\"https:\/\/www.pressmag.cz\/\">my\u0161lenky<\/a> na sebevra\u017edu. V&nbsp;p\u0159\u00edpad\u011b takov\u00e9ho stupn\u011b deprese se zpravidla doporu\u010duje hospitalizace.<\/p>\n\n\n\n<p class=\"wp-block-paragraph\"><strong>D\u016fvody vzniku depres\u00ed<\/strong><\/p>\n\n\n\n<p class=\"wp-block-paragraph\">Vznik depres\u00ed mohou ovlivnit genetick\u00e9 <a href=\"https:\/\/www.mediamagazin.cz\/\">dispozice<\/a>, kter\u00e9 se stejn\u011b jako u jin\u00fdch onemocn\u011bn\u00ed mohou, ale nemus\u00ed projevit. V\u017edy z\u00e1le\u017e\u00ed&nbsp; jakou silou<\/p>\n\n\n\n<p class=\"wp-block-paragraph\">na n\u00e1s tlaky z&nbsp;vn\u011bj\u0161\u00edho prost\u0159ed\u00ed p\u016fsob\u00ed a nakolik jsme siln\u00ed tyto tlaky zvl\u00e1dat. Depres\u00ed jsou v\u00edce ohro\u017eeni lid\u00e9 se sn\u00ed\u017eenou psychickou odolnost\u00ed, p\u0159i nadm\u011brn\u00e9m vystaven\u00ed stresu a lid\u00e9 maj\u00edc\u00ed tendenci vztahovat vztek na svoji osobu.<\/p>\n\n\n\n<p class=\"wp-block-paragraph\"><strong>Stresory<\/strong><\/p>\n\n\n\n<p class=\"wp-block-paragraph\">Mezi nej\u010dast\u011bj\u0161\u00ed spou\u0161t\u011b\u010de deprese m\u016f\u017ee pat\u0159it nap\u0159. reakce na ztr\u00e1tu partnera, <a href=\"https:\/\/www.bluepress.cz\/\">zam\u011bstn\u00e1n\u00ed<\/a>, nemoc bl\u00edzk\u00e9 osoby, st\u011bhov\u00e1n\u00ed d\u011bt\u00ed z&nbsp;domova apod. N\u00e1slednou reakc\u00ed na takov\u00e9to ud\u00e1losti b\u00fdv\u00e1 smutek. Pokud takov\u00fdto stav trv\u00e1 d\u00e9le, m\u016f\u017ee velmi \u010dasto p\u0159ipom\u00ednat depresi, av\u0161ak rozd\u00edl je v&nbsp;tom, \u017ee jsme si v\u011bdomi, pro\u010d jsme smutn\u00ed. V&nbsp;takov\u00e9m p\u0159\u00edpad\u011b se nejedn\u00e1 o depresi, ale o smutek, kter\u00fd pokud se v\u00edce v\u00e1\u017en\u011bji neprohlubuje \u010dasem odezn\u00ed.<\/p>\n\n\n\n<p class=\"wp-block-paragraph\">Samostatn\u00e1 nemoc p\u0159ich\u00e1z\u00ed v&nbsp;r\u016fzn\u00fdch f\u00e1z\u00edch, kter\u00e9 se mohou vyskytovat ojedin\u011ble nebo se mohou opakovat. V&nbsp;takov\u00fdch p\u0159\u00edpadech hovo\u0159\u00edme o periodick\u00e9 depresi. V&nbsp;mezi\u010dasech z\u016fst\u00e1v\u00e1 <a href=\"https:\/\/www.redpress.cz\/\">n\u00e1lada<\/a> posti\u017een\u00e9ho v&nbsp;norm\u011b, co\u017e b\u00fdv\u00e1 okam\u017eik, kdy m\u00e1 nad\u011bji vyhledat pomoc odborn\u00e9ho terapeuta. Sou\u010d\u00e1st\u00ed terapie je kombinace antidepresiv a psychoterapie. V&nbsp;p\u0159\u00edpad\u011b skute\u010dn\u00e9 deprese je opravdu nutn\u00e9 poradit se odborn\u00edkem, nebo\u0165 laick\u00e9 <a href=\"https:\/\/www.digital-media.cz\/\">rady p\u0159\u00e1tel<\/a> mohou depresivn\u00ed stav je\u0161t\u011b v\u00edce prohloubit.<\/p>\n\n\n\n<p class=\"wp-block-paragraph\"><strong>Terapie pomoc\u00ed sv\u011btla<\/strong><\/p>\n\n\n\n<p class=\"wp-block-paragraph\">V&nbsp;n\u011bkter\u00fdch p\u0159\u00edpadech se v&nbsp;r\u00e1mci l\u00e9\u010dby depres\u00ed aplikuje fototerapie neboli l\u00e9\u010dba sv\u011btlem. Pacienti tr\u00e1v\u00ed dv\u011b hodiny ve speci\u00e1ln\u011b upraven\u00e9 m\u00edstnosti, kde je intenzivn\u00ed sv\u011btlo a\u017e 2000 lux\u016f. Terapie se prvn\u00ed dva t\u00fddny prov\u00e1d\u00ed denn\u011b a pot\u00e9 ji\u017e 2 -3 kr\u00e1t t\u00fddn\u011b.<\/p>\n\n\n\n<p class=\"wp-block-paragraph\"><strong>Jin<\/strong><strong>\u00e9 <\/strong><strong>onemocn\u011bn\u00ed<\/strong><\/p>\n\n\n\n<p class=\"wp-block-paragraph\">Deprese se mohou objevit tak\u00e9 jako sou\u010d\u00e1st jin\u00fdch psychick\u00fdch onemocn\u011bn\u00ed. Typick\u00fdm p\u0159\u00edkladem je bipol\u00e1rn\u00ed afektivn\u00ed porucha zn\u00e1m\u00e1 pod n\u00e1zvem maniodepresivn\u00ed psychoza, kdy doch\u00e1z\u00ed ke st\u0159\u00edd\u00e1n\u00ed obdob\u00ed deprese a m\u00e1nie nebo hypom\u00e1nie. V&nbsp;takov\u00fdchto p\u0159\u00edpadech je l\u00e9\u010dba komplikovan\u011bj\u0161\u00ed, krom\u011b antidepresiv za\u0159azuj\u00ed l\u00e9ka\u0159i tak\u00e9 stabiliz\u00e1tory n\u00e1lady, antipsychotika nebo hypnotika.<\/p>\n\n\n\n<p class=\"wp-block-paragraph\"><strong>Maniodepresivn\u00ed psych<\/strong><strong>\u00f3<\/strong><strong>za<\/strong><\/p>\n\n\n\n<p class=\"wp-block-paragraph\">Jedn\u00e1 se o onemocn\u011bn\u00ed, kdy doch\u00e1z\u00ed ke zm\u011bn\u011b n\u00e1lad velkou rychlost\u00ed a v&nbsp;\u0161irok\u00e9m rozmez\u00ed od velmi intenzivn\u00ed radosti a\u017e po hluboko depresi. Posti\u017een\u00fd se nech\u00e1v\u00e1 un\u00e1\u0161et sv\u00fdmi emocemi, bu\u010f ze zvyku, nebo aby zakryl svou plachost. Nemocn\u00ed b\u00fdvaj\u00ed \u010dasto sp\u00ed\u0161e introvertn\u00ed, pla\u0161\u00ed a citliv\u00e9 osobnosti, kdy\u017e&nbsp; v&nbsp;pr\u016fb\u011bhu manick\u00e9 f\u00e1ze m\u016f\u017ee b\u00fdt jejich chov\u00e1n\u00ed extrovertn\u00ed.<\/p>\n\n\n\n<p class=\"wp-block-paragraph\"><strong>Jak<\/strong><strong>\u00e9 <\/strong><strong>jsou p\u0159\u00ed\u010d<\/strong><strong>iny?<\/strong><\/p>\n\n\n\n<p class=\"wp-block-paragraph\">Mezi mo\u017en\u00e9 p\u0159\u00ed\u010diny maniodepresivn\u00ed psych\u00f3zy pat\u0159\u00ed porucha hormon\u00e1ln\u00edch mechanism\u016f, kter\u00e9 \u0159\u00edd\u00ed rovnov\u00e1hu cit\u016f. Na n\u00e1ladu maj\u00ed v&nbsp;mozku vliv dv\u011b l\u00e1tky, a to serotonin (n\u00edzk\u00e1 hladina vyvol\u00e1v\u00e1 nestabilitu n\u00e1lad) a norepinefrin (rozkol\u00edsan\u00e1 koncentrace odpov\u00edd\u00e1 za sm\u011br, kter\u00fdm se n\u00e1lada ub\u00edr\u00e1). Za b\u011b\u017en\u00fdch okolnost\u00ed propuk\u00e1 maniodepresivn\u00ed psych\u00f3za bez zjevn\u00e9 vn\u011bj\u0161\u00ed p\u0159\u00ed\u010diny, nevylu\u010duje se v\u0161ak, \u017ee k&nbsp;vzestupu produkce l\u00e1tek, kter\u00e9 m\u011bn\u00ed n\u00e1ladu \u010dlov\u011bka mohou p\u0159isp\u00edvat tak\u00e9 vn\u011bj\u0161\u00ed podn\u011bty.<\/p>\n\n\n\n<p class=\"wp-block-paragraph\"><strong>Jak<\/strong><strong>\u00e9 <\/strong><strong>jsou p\u0159\u00edznaky maniodepresivn\u00ed psych<\/strong><strong>\u00f3<\/strong><strong>zy<\/strong><\/p>\n\n\n\n<p class=\"wp-block-paragraph\">Onemocn\u011bn\u00ed m\u016f\u017ee m\u00edt charakter m\u00e1nie (hypom\u00e1nie, kter\u00e1&nbsp; nen\u00ed p\u0159\u00edli\u0161 intenzivn\u00ed nebo velmi siln\u00e9 hypermanie ) projevuj\u00edc\u00ed se siln\u00fdm rozru\u0161en\u00edm a povznesenou n\u00e1ladou. Nemocn\u00ed v&nbsp;manick\u00e9 f\u00e1zi jsou velmi pracovit\u00ed, mohou uskute\u010d\u0148ovat cokoliv, d\u011blaj\u00ed n\u011bkolik v\u011bc\u00ed najednou, jeliko\u017e nejsou schopni udr\u017eet pozornost u jedn\u00e9.&nbsp;<\/p>\n\n\n\n<p class=\"wp-block-paragraph\">Ve v\u00fdjime\u010dn\u00fdch p\u0159\u00edpadech se nemocn\u00fd chov\u00e1 tak, \u017ee spl\u0148uje p\u0159edstavy obecn\u00e9 <a href=\"https:\/\/www.info-press.cz\/\">ve\u0159ejnosti<\/a> o nep\u0159\u00ed\u010detn\u00e9m maniakovi, je hlasit\u00fd, zp\u00edv\u00e1 nebo je dezorientovan\u00fd, trp\u00ed halucinacemi, bludy apod. Nemocn\u00fd pouze z\u0159\u00eddka rozpozn\u00e1v\u00e1 sv\u00e9 chov\u00e1n\u00ed jako nenorm\u00e1ln\u00ed, m\u011bn\u00ed sv\u00e9 n\u00e1lady velkou rychlost\u00ed a m\u016f\u017ee b\u00fdt i agresivn\u00ed. Opakem manick\u00e9 f\u00e1ze je depresivn\u00ed stav s&nbsp;hlubok\u00fdm smutkem a skl\u00ed\u010denost\u00ed. Ve velmi t\u011b\u017ek\u00fdch p\u0159\u00edpadech nemocn\u00fd v\u016fbec nemluv\u00ed a nepohybuje se. V pr\u016fb\u011bhu zotavovac\u00ed f\u00e1ze se z&nbsp;t\u00e9to f\u00e1ze mohou st\u00e1t re\u00e1ln\u00fdm nebezpe\u010d\u00edm sebevra\u017edy, zat\u00edmco p\u0159i depresi samotn\u00e9, zat\u00edmco b\u011bhem samotn\u00e9 deprese trp\u00ed nerozhodnost\u00ed a sn\u00ed\u017eenou motivac\u00ed.<\/p>\n","protected":false},"excerpt":{"rendered":"<p>Opravdov\u00e1 deprese je pro \u010dlov\u011bka velmi skli\u010duj\u00edc\u00ed a ni\u010div\u00e1. St\u0159\u00edd\u00e1n\u00ed n\u00e1lad stejn\u011b jako ob\u010dasn\u00fd \u00fabytek energie nebo skleslost pat\u0159\u00ed k&nbsp;b\u011b\u017en\u00e9 sou\u010d\u00e1sti na\u0161eho \u017eivota a pova\u017eujeme to za zcela norm\u00e1ln\u00ed. Podle \u010deho v\u0161ak m\u016f\u017eeme poznat skute\u010dnou klinickou depresi? Nemoc t\u011bla Deprese se \u0159ad\u00ed k&nbsp;v\u00e1\u017en\u00fdm psychick\u00fdm onemocn\u011bn\u00edm, kter\u00e9 si zasluhuj\u00ed pozornost stejn\u011b jako jin\u00e9 onemocn\u011bn\u00ed. V&nbsp;p\u0159\u00edpad\u011b, \u017ee [&hellip;]<\/p>\n","protected":false},"author":1,"featured_media":2636,"comment_status":"open","ping_status":"open","sticky":false,"template":"","format":"standard","meta":{"tdm_status":"","tdm_grid_status":"","footnotes":""},"categories":[1],"tags":[],"class_list":["post-2635","post","type-post","status-publish","format-standard","has-post-thumbnail","category-rady-a-navody"],"_links":{"self":[{"href":"https:\/\/zradnice.cz\/index.php?rest_route=\/wp\/v2\/posts\/2635","targetHints":{"allow":["GET"]}}],"collection":[{"href":"https:\/\/zradnice.cz\/index.php?rest_route=\/wp\/v2\/posts"}],"about":[{"href":"https:\/\/zradnice.cz\/index.php?rest_route=\/wp\/v2\/types\/post"}],"author":[{"embeddable":true,"href":"https:\/\/zradnice.cz\/index.php?rest_route=\/wp\/v2\/users\/1"}],"replies":[{"embeddable":true,"href":"https:\/\/zradnice.cz\/index.php?rest_route=%2Fwp%2Fv2%2Fcomments&post=2635"}],"version-history":[{"count":1,"href":"https:\/\/zradnice.cz\/index.php?rest_route=\/wp\/v2\/posts\/2635\/revisions"}],"predecessor-version":[{"id":2637,"href":"https:\/\/zradnice.cz\/index.php?rest_route=\/wp\/v2\/posts\/2635\/revisions\/2637"}],"wp:featuredmedia":[{"embeddable":true,"href":"https:\/\/zradnice.cz\/index.php?rest_route=\/wp\/v2\/media\/2636"}],"wp:attachment":[{"href":"https:\/\/zradnice.cz\/index.php?rest_route=%2Fwp%2Fv2%2Fmedia&parent=2635"}],"wp:term":[{"taxonomy":"category","embeddable":true,"href":"https:\/\/zradnice.cz\/index.php?rest_route=%2Fwp%2Fv2%2Fcategories&post=2635"},{"taxonomy":"post_tag","embeddable":true,"href":"https:\/\/zradnice.cz\/index.php?rest_route=%2Fwp%2Fv2%2Ftags&post=2635"}],"curies":[{"name":"wp","href":"https:\/\/api.w.org\/{rel}","templated":true}]}}